{"id":1349,"date":"2012-06-20T12:35:06","date_gmt":"2012-06-20T10:35:06","guid":{"rendered":"http:\/\/www.visionbalans.se\/?p=1349"},"modified":"2012-06-20T12:35:06","modified_gmt":"2012-06-20T10:35:06","slug":"ledare-nr-6-2012","status":"publish","type":"post","link":"https:\/\/www.visionbalans.se\/?p=1349","title":{"rendered":"Ledare nr 6 2012"},"content":{"rendered":"<p>Individens frihet eller marknadsanarkism? Arbetslinje eller byr\u00e5kratlinje?<\/p>\n<p>Mycket av dagens politik bedrivs under parollen individens frihet gentemot staten. Samtidigt har Arbetslinjen skapats som en garant f\u00f6r det \u201dr\u00e4ttf\u00e4rdiga\u201d samh\u00e4llet d\u00e4r alla har r\u00e4tt till det goda livet om man bara har ett l\u00f6nearbete.<\/p>\n<p>V\u00e4rdet av det \u201degna\u201d arbetet och den \u201degna\u201d omsorgen betonas och v\u00e4rdet av arbetet st\u00e4rks genom att s\u00e4nka inkomstskatten f\u00f6r den som har anst\u00e4llning.<\/p>\n<p><!--more--><\/p>\n<p>Intressant \u00e4r att skattemedelsutgifter i form av skattes\u00e4nkningar f\u00f6r anst\u00e4llda r\u00e4knas som legitima medan utgifter f\u00f6r f\u00f6rs\u00e4kringar som a-kassa eller ers\u00e4ttning i form av aktivitetsst\u00f6d r\u00e4knas som bidrag och d\u00e4rmed \u00e4r det inte legitimt.<\/p>\n<p>Synar man denna svart-vita retorik uppt\u00e4cker man snart en gr\u00e5zon d\u00e4r olika typer av bidrag f\u00f6r att anst\u00e4lla m\u00e4nniskor finns. Det \u00e4r l\u00f6nebidrag, s\u00e4rskilt anst\u00e4llningsst\u00f6d, nystartsjobb, nyfriskjobb, instegsjobb, trygghetsanst\u00e4llning, utvecklingsanst\u00e4llning och kanske fler.<\/p>\n<p>Om man har en anst\u00e4llning med bidrag undrar jag om man \u00e4r lika legitim som en anst\u00e4lld utan bidrag eftersom den politiska retoriken fokuserar p\u00e5 arbetslinje kontra bidragslinje. Om legitimiteten \u00e4r lika torde retoriken om bidragslinje falla under kategorin \u201df\u00f6renklad partiretorik f\u00f6r att v\u00e4ljarna ska forts\u00e4tta vara lyckligt omedvetna om verkligheten\u201d.<\/p>\n<p>Hur ser d\u00e5 friheten ut f\u00f6r befolkningen? Heltidsanst\u00e4llda stressar f\u00f6r att f\u00e5 livspusslet att g\u00e5 ihop. Deltidsanst\u00e4llda \u00e4r stressade \u00f6ver att ekonomin inte g\u00e5r ihop. Anst\u00e4llningsl\u00f6sa \u00e4r stressade \u00f6ver att arbetsmarknaden ratar dem bara f\u00f6r att de kanske inte \u00e4r helt friska eller f\u00f6r att man inte \u00e4r 25 \u00e5r med universitetsutbildning och 10 \u00e5rs arbetslivserfarenhet. Dessutom \u00e4r anst\u00e4llningsl\u00f6sa ofta stressade \u00f6ver att inte uppleva att de har kontroll \u00f6ver sina liv p\u00e5 grund av myndigheters hantering av dem.<\/p>\n<p>Vi har m\u00e4rkt att man fr\u00e5n arbetsf\u00f6rmedlingen b\u00f6rjat fokusera p\u00e5 att personer som \u00e4r hos en syssels\u00e4ttningsanordnare ska vara p\u00e5 plats 40 timmar i veckan. Det kan tyckas r\u00e4ttvist vid en f\u00f6rsta anblick eftersom byr\u00e5krater ofta t\u00e4nker utifr\u00e5n att alla ska ha samma situation. Man bortser fr\u00e5n att gruppen sysselsatta inte \u00e4r en homogen grupp med exakt samma f\u00f6ruts\u00e4ttningar.<\/p>\n<p>Bland alla i syssels\u00e4ttningsfasen (fas3) \u00e4r det m\u00e5nga som egentligen delvis eller helt borde vara i f\u00f6rs\u00e4kringskassans system p\u00e5 grund av sviktande arbetsf\u00f6rm\u00e5ga. Ju tuffare bed\u00f6mningar f\u00f6rs\u00e4kringskassan g\u00f6r desto fler hamnar hos arbetsf\u00f6rmedlingen. F\u00f6rutom att m\u00e5nga f\u00f6rlorar ekonomiskt ska de nu avkr\u00e4vas total n\u00e4rvaro av anordnare. M\u00e4nniskor som ibland inte kommer ur s\u00e4ngen p\u00e5 grund av v\u00e4rk eller dylika problem.<\/p>\n<p>Den \u00e5tg\u00e4rdsmarknad som skapats genom arbetsmarknadspolitiken de senaste 20 \u00e5ren har bidragit till att individens frihet beskurits mer och mer av en politisk och ekonomisk marknad som \u00e4r vettskr\u00e4md f\u00f6r att inte vara finansmarknaden till lags. En marknad d\u00e4r bankerna leker monopol med m\u00e4nniskors pengar och tvingar regeringar att skjuta till pengar n\u00e4r det \u00e4r tomt i kassan. Det om n\u00e5got borde v\u00e4l inr\u00e4knas i bidragslinjen. En linje som dessutom drivs i tillv\u00e4xtens anda.<\/p>\n<p>Alla marknadsakt\u00f6rer tvingas idag att leva i en marknadsanarki vare sig de vill eller inte. En situation d\u00e4r man tittar mer p\u00e5 vad konkurrenterna g\u00f6r \u00e4n p\u00e5 vad som skapar kvalitet. Det \u00e4r ett \u201dratrace\u201d som skapar ekonomiska kriser av gigantiska m\u00e5tt och en om\u00e4nsklig arbetsmarknad samt en inhuman \u00e5tg\u00e4rdsbransch.<\/p>\n<p>Myndigheterna tvingas i r\u00e4ttvisans namn att behandla alla lika illa vilket knappast skapar f\u00f6ruts\u00e4ttning f\u00f6r utveckling av m\u00e4nniskors f\u00f6ruts\u00e4ttningar i livet och p\u00e5 arbetsmarknaden.<\/p>\n<p>Den som anser att inkomsten \u00e4r m\u00e5let f\u00f6r individen kommer att forts\u00e4tta h\u00e4vda att arbetslinjen st\u00e5r mot bidragslinjen. Den som ser inkomsten som ett medel f\u00f6r att uppn\u00e5 trygghet och utveckling f\u00f6rst\u00e5r att individens frihet inte kommer ur anarki och tv\u00e5ngs\u00e5tg\u00e4rder. Det finns hur mycket arbetslivs-, och beteendevetenskaplig forskning som helst som visar detta.<\/p>\n<p>&nbsp;<\/p>\n<p align=\"right\">Henrik Lund<\/p>\n","protected":false},"excerpt":{"rendered":"<p>Individens frihet eller marknadsanarkism? Arbetslinje eller byr\u00e5kratlinje? Mycket av dagens politik bedrivs under parollen individens frihet gentemot staten. Samtidigt har Arbetslinjen skapats som en garant f\u00f6r det \u201dr\u00e4ttf\u00e4rdiga\u201d samh\u00e4llet d\u00e4r alla har r\u00e4tt till det goda livet om man bara har ett l\u00f6nearbete. V\u00e4rdet av det \u201degna\u201d arbetet och den[&#8230;]<\/p>\n","protected":false},"author":3,"featured_media":0,"comment_status":"closed","ping_status":"closed","sticky":false,"template":"","format":"standard","meta":{"footnotes":""},"categories":[17],"tags":[],"class_list":["post-1349","post","type-post","status-publish","format-standard","hentry","category-ledare"],"_links":{"self":[{"href":"https:\/\/www.visionbalans.se\/index.php?rest_route=\/wp\/v2\/posts\/1349","targetHints":{"allow":["GET"]}}],"collection":[{"href":"https:\/\/www.visionbalans.se\/index.php?rest_route=\/wp\/v2\/posts"}],"about":[{"href":"https:\/\/www.visionbalans.se\/index.php?rest_route=\/wp\/v2\/types\/post"}],"author":[{"embeddable":true,"href":"https:\/\/www.visionbalans.se\/index.php?rest_route=\/wp\/v2\/users\/3"}],"replies":[{"embeddable":true,"href":"https:\/\/www.visionbalans.se\/index.php?rest_route=%2Fwp%2Fv2%2Fcomments&post=1349"}],"version-history":[{"count":0,"href":"https:\/\/www.visionbalans.se\/index.php?rest_route=\/wp\/v2\/posts\/1349\/revisions"}],"wp:attachment":[{"href":"https:\/\/www.visionbalans.se\/index.php?rest_route=%2Fwp%2Fv2%2Fmedia&parent=1349"}],"wp:term":[{"taxonomy":"category","embeddable":true,"href":"https:\/\/www.visionbalans.se\/index.php?rest_route=%2Fwp%2Fv2%2Fcategories&post=1349"},{"taxonomy":"post_tag","embeddable":true,"href":"https:\/\/www.visionbalans.se\/index.php?rest_route=%2Fwp%2Fv2%2Ftags&post=1349"}],"curies":[{"name":"wp","href":"https:\/\/api.w.org\/{rel}","templated":true}]}}