{"id":1357,"date":"2012-02-20T13:22:39","date_gmt":"2012-02-20T12:22:39","guid":{"rendered":"http:\/\/www.visionbalans.se\/?p=1357"},"modified":"2012-02-20T13:22:39","modified_gmt":"2012-02-20T12:22:39","slug":"ledare-nr-2-2012-3","status":"publish","type":"post","link":"https:\/\/www.visionbalans.se\/?p=1357","title":{"rendered":"Ledare nr 2 2012"},"content":{"rendered":"<p>Solrosuppropet gick av stapeln den 9 april p\u00e5 annandag p\u00e5sk. Det var inte p\u00e5 lika m\u00e5nga orter som f\u00f6rra \u00e5rets p\u00e5skupprop men likv\u00e4l ett lyckat arrangemang. \u00c5rets manifestation f\u00f6ljde upp f\u00f6rra \u00e5rets kritik mot nedmonteringen av sjukf\u00f6rs\u00e4kringen men nytt var att \u00e4ven arbetsmarknadspolitiken kom i fokus, vilket \u00e4r bra. Det ger utrymme f\u00f6r en b\u00e4ttre helhetsbild.<\/p>\n<p>Det blev en bred medial t\u00e4ckning d\u00e5 allt fr\u00e5n tidningar, radio och tv f\u00f6ljde uppropet. Det \u00e4r gl\u00e4djande att medierna f\u00f6rst\u00e5r den samh\u00e4lleliga betydelsen av arrangemanget och vad det st\u00e5r f\u00f6r.<\/p>\n<p>Arbetsmarknadspolitiken har en egen utf\u00f6rs\u00e4krings\u00e5tg\u00e4rd parallellt med sjukf\u00f6rs\u00e4kringen. Den kallades fas 3 \u00e4nda tills kritiken blev f\u00f6r stark. D\u00e5 bytte regeringen namn till Syssels\u00e4ttningsfasen. Ett enkelt knep f\u00f6r att blanda bort korten f\u00f6r v\u00e4ljarna.<\/p>\n<p>D\u00e4r hamnar alla som varit i Jobb och utvecklingsgarantin (i folkmun kallad JUG) i 450 dagar. Innan dess har man haft a-kassa i omkring 300 dagar. Det \u00e4r allts\u00e5 personer som varit utan anst\u00e4llning mycket l\u00e4nge. Enligt arbetsf\u00f6rmedlingens egen statistik \u00e4r medeltalet cirka 8 \u00e5r.<\/p>\n<p>F\u00f6r att undvika att fastna i ett \u00e4ltande av sakernas tillst\u00e5nd \u00e4r det viktigt att f\u00f6rst\u00e5 grunden till problemen p\u00e5 arbetsmarknaden i stort.<\/p>\n<p>L\u00f6nearbetsmarknaden \u00e4r en del av den svenska ekonomin. Den svenska ekonomin \u00e4r starkt beroende av den internationella och s\u00e4rskilt den europeiska ekonomin. Anledningen \u00e4r de avregleringar som skett av bland annat penning- och finansmarknaden. Dessutom fr\u00e5ngick den svenska riksdagen m\u00f6jligheten att reglera kronans v\u00e4rde f\u00f6r att h\u00e5lla arbetsl\u00f6sheten p\u00e5 en l\u00e5g niv\u00e5 redan p\u00e5 80-talet. Ist\u00e4llet inf\u00f6rde man inflationsm\u00e5l som \u00e4ven finns inom EU. Det g\u00f6r att arbetskraften f\u00e5r ta \u201dsm\u00e4llarna\u201d i ekonomin i st\u00e4llet f\u00f6r kronans v\u00e4rde.<\/p>\n<p>EU:s olika f\u00f6rdrag som kommit under \u00e5ren har syftat till att bef\u00e4sta denna ordning p\u00e5 \u00f6verstatlig niv\u00e5. \u00d6verskottsm\u00e5let f\u00f6r nationerna i EU g\u00f6r att man h\u00e5ller inne pengar som skulle kunna syssels\u00e4tta folk i ekonomin. Dessutom \u00e4r det \u00f6vergripande m\u00e5let f\u00f6r EU:s marknad att det ska vara fri r\u00f6rlighet av varor, arbetskraft och kapital. Hur fritt det blir kan man fundera \u00f6ver. Redan f\u00f6rre statsministern G\u00f6ran Persson var tydlig n\u00e4r han i Dagens Politik (9 maj 1996) sa: \u201dN\u00e4r den finska skogsarbetaren med gl\u00e4dje tar och f\u00e5r ett jobb i en fransk ving\u00e5rd, d\u00e5 fungerar EMU.\u201d<\/p>\n<p>OECD, de rika l\u00e4ndernas samarbetsorganisation, menar att en r\u00f6rlig arbetskraft stabiliserar eurozonen. Detta mot bakgrund av det ekonomiska kaos som r\u00e5der i flera eurol\u00e4nder som Grekland, Irland, Spanien och Italien.<\/p>\n<p>OECD menar att folk \u00e4r f\u00f6r d\u00e5liga att flytta till jobben. Sj\u00e4lv ser jag det som ett sundhetstecken att folk anser att fri r\u00f6rlighet \u00e4ven borde inneb\u00e4ra r\u00e4tten att stanna kvar d\u00e4r man valt att bos\u00e4tta sig. Det s\u00e4tter samtidigt fingret p\u00e5 fr\u00e5gan om marknaden ska vara till f\u00f6r folket eller om folket ska vara till f\u00f6r marknaden. Och den avg\u00f6rande fr\u00e5gan: vem styr marknaden? L\u00e5t mig g\u00f6ra en j\u00e4mf\u00f6relse.<\/p>\n<p>Har du f\u00f6rs\u00f6kt fylla ett badkar med vatten utan att proppen sitter i? Det \u00e4r s\u00e5 skuldekonomin fungerar. Privat och offentlig sektor sitter p\u00e5 badkarskanten och k\u00e4mpar f\u00f6r att vattnet ska \u00f6ka genom att spola i tillv\u00e4xt eftersom det hela tiden rinner ut till \u00e4garna av vattnet i skuldekonomin. Samtidigt sitter de r\u00f6da och bl\u00e5 politikerna p\u00e5 kanten och munhuggs om hur det vatten som \u00e4nd\u00e5 stannar i badkaret ska f\u00f6rdelas bland folket. De tror att det inte finns en propp att tillg\u00e5 utan utg\u00e5r fr\u00e5n att ekonomin inte kan styras p\u00e5 annat s\u00e4tt \u00e4n genom skuld.<\/p>\n<p>Den som vill att vi ska bli ett nomadfolk som flyttar till jobben inom EU kan sitta p\u00e5 kanten och njuta av synen av alla som flyttar runt tillsammans med framtida klimatflyktingar och matflyktingar. Det ger en ny inneb\u00f6rd \u00e5t ordet folkr\u00f6relse.<\/p>\n<p>Den som anser att det b\u00e4sta \u00e4r en demokratiserad ekonomi anpassad till folkets behov m\u00e5ste b\u00f6rja r\u00f6ra sig i en annan riktning \u00e4n dagens \u00f6verkonsumtions och tillv\u00e4xtekonomiska riktning. Det \u00e4r dit\u00e5t SALO str\u00e4var.<\/p>\n<p align=\"right\">Henrik Lund<\/p>\n","protected":false},"excerpt":{"rendered":"<p>Solrosuppropet gick av stapeln den 9 april p\u00e5 annandag p\u00e5sk. Det var inte p\u00e5 lika m\u00e5nga orter som f\u00f6rra \u00e5rets p\u00e5skupprop men likv\u00e4l ett lyckat arrangemang. \u00c5rets manifestation f\u00f6ljde upp f\u00f6rra \u00e5rets kritik mot nedmonteringen av sjukf\u00f6rs\u00e4kringen men nytt var att \u00e4ven arbetsmarknadspolitiken kom i fokus, vilket \u00e4r bra. Det[&#8230;]<\/p>\n","protected":false},"author":3,"featured_media":0,"comment_status":"closed","ping_status":"closed","sticky":false,"template":"","format":"standard","meta":{"footnotes":""},"categories":[17],"tags":[],"class_list":["post-1357","post","type-post","status-publish","format-standard","hentry","category-ledare"],"_links":{"self":[{"href":"https:\/\/www.visionbalans.se\/index.php?rest_route=\/wp\/v2\/posts\/1357","targetHints":{"allow":["GET"]}}],"collection":[{"href":"https:\/\/www.visionbalans.se\/index.php?rest_route=\/wp\/v2\/posts"}],"about":[{"href":"https:\/\/www.visionbalans.se\/index.php?rest_route=\/wp\/v2\/types\/post"}],"author":[{"embeddable":true,"href":"https:\/\/www.visionbalans.se\/index.php?rest_route=\/wp\/v2\/users\/3"}],"replies":[{"embeddable":true,"href":"https:\/\/www.visionbalans.se\/index.php?rest_route=%2Fwp%2Fv2%2Fcomments&post=1357"}],"version-history":[{"count":0,"href":"https:\/\/www.visionbalans.se\/index.php?rest_route=\/wp\/v2\/posts\/1357\/revisions"}],"wp:attachment":[{"href":"https:\/\/www.visionbalans.se\/index.php?rest_route=%2Fwp%2Fv2%2Fmedia&parent=1357"}],"wp:term":[{"taxonomy":"category","embeddable":true,"href":"https:\/\/www.visionbalans.se\/index.php?rest_route=%2Fwp%2Fv2%2Fcategories&post=1357"},{"taxonomy":"post_tag","embeddable":true,"href":"https:\/\/www.visionbalans.se\/index.php?rest_route=%2Fwp%2Fv2%2Ftags&post=1357"}],"curies":[{"name":"wp","href":"https:\/\/api.w.org\/{rel}","templated":true}]}}