{"id":1367,"date":"2011-05-22T09:13:45","date_gmt":"2011-05-22T07:13:45","guid":{"rendered":"http:\/\/www.visionbalans.se\/?p=1367"},"modified":"2011-05-22T09:13:45","modified_gmt":"2011-05-22T07:13:45","slug":"ledare-nr-5-2011","status":"publish","type":"post","link":"https:\/\/www.visionbalans.se\/?p=1367","title":{"rendered":"Ledare nr 5 2011"},"content":{"rendered":"<div>\n<p>Idag g\u00e5r det cirka 10 arbetss\u00f6kande p\u00e5 varje ledigt jobb. Om alla jobb skulle bli tillsatta, skulle \u00e4nd\u00e5 90 % st\u00e5 utanf\u00f6r arbetsmarknaden. Alliansen kallar det arbetslinjen och socialdemokraterna kallar det missmatch. Arbetsl\u00f6shetslinjen borde den kallas ist\u00e4llet. L\u00e5ngtidsarbetsl\u00f6sheten \u00f6kar samtidigt som den \u00f6ppna arbetsl\u00f6sheten minskar. Det blir ett nollsummespel som enbart leder till att klyftorna \u00f6kar.<\/p>\n<p>Statistiska centralbyr\u00e5n (SCB) visar att de flesta har h\u00f6gre inkomster 2010 j\u00e4mf\u00f6rt med 1999. Den tiondel av befolkningen som tj\u00e4nar mest har f\u00e5tt en 50-procentig inkomst\u00f6kning, medan den tiondel som tj\u00e4nar minst enbart har f\u00e5tt en 5-procentig inkomst\u00f6kning.<\/p>\n<p><!--more--><\/p>\n<p>Skillnaderna har accelererat sedan 2006 n\u00e4r Alliansen tilltr\u00e4dde men socialdemokratin gjorde sitt till. 1999 hade studerande, arbetsl\u00f6sa och personer med sjuk- och aktivitetsers\u00e4ttning en ekonomisk standard motsvarande 75 % av vad de som jobbade hade. 2006 var siffran 69 % och 2010 var siffran nere i 57 %.<\/p>\n<p>Forskning som Wilkinson och Picket gjort och som beskrivs i boken j\u00e4mlikhetsanden visar att ju st\u00f6rre inkomstskillnaderna \u00e4r i ett land, desto s\u00e4mre \u00e4r h\u00e4lsotillst\u00e5ndet generellt.<\/p>\n<p>F\u00f6r att motverka detta ger regeringen f\u00f6rs\u00e4kringskassan i uppdrag att minska infl\u00f6det av personer till sjukf\u00f6rs\u00e4kringen. M\u00e4nniskor som \u00e4r legitimt sjuka enligt behandlande l\u00e4kare nekas sjukers\u00e4ttning av f\u00f6rs\u00e4kringskassan. Det leder till att fler och fler kommer att pr\u00f6vas i domstol. \u00c4r det s\u00e5 att all kritik som f\u00f6rs\u00e4kringskassan f\u00e5tt har gjort att de numera \u00f6verl\u00e5ter till domstolarna att g\u00f6ra bed\u00f6mningen? Det inneb\u00e4r ett sl\u00f6seri med skattemedel och mycket on\u00f6digt lidande f\u00f6r sjuka personer. En av dessa personer \u00e4r intervjuad i denna tidning.<\/p>\n<p>Jag undrar bara n\u00e4r v\u00e5ra ledare ska komma till sjukdomsinsikt? I en tillv\u00e4xtekonomi kr\u00e4vs st\u00e4ndig \u00f6verkonsumtion f\u00f6r att h\u00e5lla systemet ig\u00e5ng. Samtidigt kr\u00e4ver det effektivisering och rationalisering f\u00f6r att fungera. En anst\u00e4lld g\u00f6r omkring fem g\u00e5nger s\u00e5 mycket arbetsuppgifter i dag som f\u00f6r 30 \u00e5r sedan. Oavsett om man \u00e4r anst\u00e4lld eller inte s\u00e5 stressar detta system m\u00e4nniskor till oh\u00e4lsa. Jag talar d\u00e5 inte enbart om friskhet utan h\u00e4lsoniv\u00e5n p\u00e5 ett bredare plan. \u00c4ven om man \u00e4r ofrisk kan man uppleva h\u00e4lsa. Detta forskade Aaron Antonovsky om. Det var han som myntade begreppet KASAM (K\u00e4nsla Av SAMmanhang). N\u00e4r politikerna s\u00e4ger att svenskarna \u00e4r ett av v\u00e4rldens friskaste folk s\u00e5 borde man studera KASAM-niv\u00e5n hos befolkningen. Jag tror den skulle visa p\u00e5 ett tydligare samband med Wilkinsson och Pickets forskning \u00e4n f\u00f6rs\u00e4kringskassans statistik som bara r\u00e4knar utbetald ers\u00e4ttning.<\/p>\n<\/div>\n<p>Tillv\u00e4xtekonomin leder till utslagning av m\u00e4nniskor samt utarmning av milj\u00f6resurserna. M\u00e5nga ledare k\u00e4nner nog till det men blundar f\u00f6r konsekvenserna f\u00f6r att inte riskera att f\u00f6rlora v\u00e4ljare. Men vilket \u00e4r v\u00e4rst &#8211; att f\u00f6rlora v\u00e4ljare eller att f\u00f6rlora v\u00e5ra livsvillkor genom att konsumera slut p\u00e5 moder jord?<\/p>\n<p>Jag s\u00e4ger som Albert Einstein en g\u00e5ng sa:<\/p>\n<p><i>\u201d Det kr\u00e4vs ett helt nytt s\u00e4tt att t\u00e4nka f\u00f6r att l\u00f6sa de problem vi skapat med det gamla s\u00e4ttet att t\u00e4nka.\u201d<\/i><\/p>\n<p><strong><\/strong>Att l\u00f6sa problemen med ny teknik som hela tiden \u00f6kar i kvantitet \u00f6kar den totala p\u00e5verkan i st\u00e4llet f\u00f6r tv\u00e4rtom.<\/p>\n<p align=\"right\">\u00a0Henrik Lund<\/p>\n","protected":false},"excerpt":{"rendered":"<p>Idag g\u00e5r det cirka 10 arbetss\u00f6kande p\u00e5 varje ledigt jobb. Om alla jobb skulle bli tillsatta, skulle \u00e4nd\u00e5 90 % st\u00e5 utanf\u00f6r arbetsmarknaden. Alliansen kallar det arbetslinjen och socialdemokraterna kallar det missmatch. Arbetsl\u00f6shetslinjen borde den kallas ist\u00e4llet. L\u00e5ngtidsarbetsl\u00f6sheten \u00f6kar samtidigt som den \u00f6ppna arbetsl\u00f6sheten minskar. Det blir ett nollsummespel som[&#8230;]<\/p>\n","protected":false},"author":3,"featured_media":0,"comment_status":"closed","ping_status":"closed","sticky":false,"template":"","format":"standard","meta":{"footnotes":""},"categories":[17],"tags":[],"class_list":["post-1367","post","type-post","status-publish","format-standard","hentry","category-ledare"],"_links":{"self":[{"href":"https:\/\/www.visionbalans.se\/index.php?rest_route=\/wp\/v2\/posts\/1367","targetHints":{"allow":["GET"]}}],"collection":[{"href":"https:\/\/www.visionbalans.se\/index.php?rest_route=\/wp\/v2\/posts"}],"about":[{"href":"https:\/\/www.visionbalans.se\/index.php?rest_route=\/wp\/v2\/types\/post"}],"author":[{"embeddable":true,"href":"https:\/\/www.visionbalans.se\/index.php?rest_route=\/wp\/v2\/users\/3"}],"replies":[{"embeddable":true,"href":"https:\/\/www.visionbalans.se\/index.php?rest_route=%2Fwp%2Fv2%2Fcomments&post=1367"}],"version-history":[{"count":0,"href":"https:\/\/www.visionbalans.se\/index.php?rest_route=\/wp\/v2\/posts\/1367\/revisions"}],"wp:attachment":[{"href":"https:\/\/www.visionbalans.se\/index.php?rest_route=%2Fwp%2Fv2%2Fmedia&parent=1367"}],"wp:term":[{"taxonomy":"category","embeddable":true,"href":"https:\/\/www.visionbalans.se\/index.php?rest_route=%2Fwp%2Fv2%2Fcategories&post=1367"},{"taxonomy":"post_tag","embeddable":true,"href":"https:\/\/www.visionbalans.se\/index.php?rest_route=%2Fwp%2Fv2%2Ftags&post=1367"}],"curies":[{"name":"wp","href":"https:\/\/api.w.org\/{rel}","templated":true}]}}