{"id":1369,"date":"2010-03-22T09:45:38","date_gmt":"2010-03-22T08:45:38","guid":{"rendered":"http:\/\/www.visionbalans.se\/?p=1369"},"modified":"2010-03-22T09:45:38","modified_gmt":"2010-03-22T08:45:38","slug":"ledare-nr-3-2011","status":"publish","type":"post","link":"https:\/\/www.visionbalans.se\/?p=1369","title":{"rendered":"Ledare nr 3 2011"},"content":{"rendered":"<p><b>Tillit<\/b> \u00e4r n\u00e5got mycket viktigt men vad inneb\u00e4r det egentligen? Om jag ger av mig sj\u00e4lv i m\u00f6tet med en annan person \u2013 kan jag vara s\u00e4ker p\u00e5 att f\u00e5 n\u00e5got tillbaka? M\u00e5ste jag f\u00e5 n\u00e5got tillbaka? Eller \u00e4r det kanske s\u00e5 att min tillit till att allt ordnar sig p\u00e5 n\u00e5got s\u00e4tt g\u00f6r att jag kan ge av mig sj\u00e4lv utan att kr\u00e4va n\u00e5got tillbaka?<\/p>\n<p>H\u00e4rom dagen h\u00f6rde jag en kvinna i Tankar f\u00f6r dagen i P1. Hon ber\u00e4ttade att en ingift sl\u00e4kting sagt till henne n\u00e4r hon ville ge dem avlagda barnkl\u00e4der: Det enda man har kvar \u2013 \u00e4r det som man har gett.<\/p>\n<p>F\u00f6r mig symboliserar dessa ord essensen i vad det inneb\u00e4r att vara m\u00e4nniska. Vi existerar f\u00f6rst i m\u00f6tet med en annan m\u00e4nniska. N\u00e4r jag ger n\u00e5got till en annan m\u00e4nniska s\u00e5 stannar det \u00e4ven kvar hos mig sj\u00e4lv i minnet av att av fri vilja ha gett och den sk\u00f6na k\u00e4nslan av att det betytt n\u00e5got f\u00f6r den andre. Det beh\u00f6ver inte vara n\u00e5gon sak utan kan lika v\u00e4l vara ett leende eller n\u00e5gon annan positiv bekr\u00e4ftelse av den andre.<\/p>\n<p><!--more--><\/p>\n<p>Vad har det d\u00e5 med tillit att g\u00f6ra? Jag tror att m\u00e5nga i sin str\u00e4van efter status i detta prylsamh\u00e4lle gl\u00f6mmer att prylar \u00e4r f\u00f6rg\u00e4ngliga medan det man g\u00f6r f\u00f6r en annan m\u00e4nniska best\u00e5r \u00e4ven om det inte g\u00e5r att m\u00e4ta v\u00e4rdet.<\/p>\n<p>Akt\u00f6rerna p\u00e5 finans- och aktiemarknaden g\u00f6r allt f\u00f6r att beh\u00e5lla marknadens tillit, det vill s\u00e4ga m\u00e4nniskornas tillit. Annars \u00f6kar inte vinsterna. Finanskraschen i USA h\u00e4rom \u00e5ret slog till n\u00e4r akt\u00f6rernas (m\u00e4nniskornas) tillit till varandra tog slut. D\u00e5 g\u00e4llde det att ta hem vinsterna f\u00f6r dem som var snabbast att s\u00e4lja. Vem f\u00f6rlorade mest \u2013 jo vanligt folk. Just nu \u00e4r Greklands ekonomi i en enorm tillitskris.<\/p>\n<p>V\u00e5rt ekonomiska system bygger p\u00e5 att man utnyttjar m\u00e4nniskans grundl\u00e4ggande egenskap tillit f\u00f6r vinstmaximering. Tillit bygger dock p\u00e5 samverkan, till skillnad mot konkurrens som \u00e4r en grundsten i den r\u00e4nteb\u00e4rande ekonomin. Om tillit \u00e4r n\u00e5got basalt f\u00f6r m\u00e4nsklig existens, och man har ett ekonomiskt system som bygger p\u00e5 konkurrens i st\u00e4llet f\u00f6r samverkan, torde det ekonomiska systemet logiskt sett motverka m\u00e4nsklig existens.<\/p>\n<p>Lyssna p\u00e5 vilken ekonomianalytiker som helst s\u00e5 kan den inte i f\u00f6rv\u00e4g tala om vad som kommer att h\u00e4nda i ekonomin i framtiden. D\u00e4remot \u00e4r de mycket duktiga p\u00e5 att i efterhand hitta p\u00e5 f\u00f6rklaringar till varf\u00f6r det som h\u00e4nde, h\u00e4nde just nu och varf\u00f6r det h\u00e4nde d\u00e4r det h\u00e4nde.<\/p>\n<p>\u00c4r det v\u00e4rdigt oss m\u00e4nniskor att forts\u00e4tta k\u00e4nna tillit till ett system som f\u00f6rst\u00f6r tilliten mellan m\u00e4nniskor? &#8211; Ett system som \u00f6kar klyftorna mellan m\u00e4nniskor och som tvingar marknadsakt\u00f6rerna att utarma m\u00e4nniskans livsvillkor i naturen.<\/p>\n<p>Om vi skulle ha ett ekonomiskt system d\u00e4r pengar endast \u00e4r ett betalningsmedel, och inte som i det klassiska ekonomiska systemet en produktionsfaktor, skulle vi slippa den tillitsbrist som skapas av den m\u00e4nniskofientliga konkurrens som finns idag.<\/p>\n<p>Dagens centraliserade ekonomi g\u00f6r att endast de f\u00e5 som \u00e4ger mest kan skapa vinster p\u00e5 folkets bekostnad. Vi borde demokratisera ekonomin s\u00e5 att \u00e4ven de som har andra v\u00e4rden i livet \u00e4n de t\u00e4vlingsinriktade entrepren\u00f6rerna blir legitima.<\/p>\n<p>Den som l\u00e4st s\u00e5 h\u00e4r l\u00e5ngt och tycker att jag flummar borde fr\u00e4scha ut kunskapen om varf\u00f6r l\u00e5g- och h\u00f6gkonjunkturer uppst\u00e5r, varf\u00f6r b\u00f6rskrascher uppst\u00e5r, varf\u00f6r fattigdom uppst\u00e5r, varf\u00f6r inflation uppst\u00e5r och varf\u00f6r arbetsl\u00f6shet uppst\u00e5r. Varf\u00f6r tror man att inflationen sjunker n\u00e4r man h\u00f6jer r\u00e4ntan, n\u00e4r det p\u00e5 l\u00e4ngre sikt \u00e4r tv\u00e4rtom? Varf\u00f6r tror man att arbetsl\u00f6shet uppst\u00e5r p\u00e5 grund av tillg\u00e5ng och efterfr\u00e5gan n\u00e4r det beror p\u00e5 att r\u00e4nteekonomins akt\u00f6rer kr\u00e4ver mer tillbaka \u00e4n de l\u00e5nar ut.<\/p>\n<p>T\u00e4nk p\u00e5 det n\u00e4sta g\u00e5ng du ger av dig sj\u00e4lv i m\u00f6tet med en medm\u00e4nniska.<\/p>\n<p>Gl\u00f6m aldrig att du \u00e4r m\u00e4nniska f\u00f6rst och fr\u00e4mst. Det enda man har kvar \u00e4r det man gett.<\/p>\n<p>Med det \u00f6nskar jag en sk\u00f6n sommar!<\/p>\n<p align=\"right\">\u00a0Henrik Lund<\/p>\n","protected":false},"excerpt":{"rendered":"<p>Tillit \u00e4r n\u00e5got mycket viktigt men vad inneb\u00e4r det egentligen? Om jag ger av mig sj\u00e4lv i m\u00f6tet med en annan person \u2013 kan jag vara s\u00e4ker p\u00e5 att f\u00e5 n\u00e5got tillbaka? M\u00e5ste jag f\u00e5 n\u00e5got tillbaka? Eller \u00e4r det kanske s\u00e5 att min tillit till att allt ordnar sig[&#8230;]<\/p>\n","protected":false},"author":3,"featured_media":0,"comment_status":"closed","ping_status":"closed","sticky":false,"template":"","format":"standard","meta":{"footnotes":""},"categories":[17],"tags":[],"class_list":["post-1369","post","type-post","status-publish","format-standard","hentry","category-ledare"],"_links":{"self":[{"href":"https:\/\/www.visionbalans.se\/index.php?rest_route=\/wp\/v2\/posts\/1369","targetHints":{"allow":["GET"]}}],"collection":[{"href":"https:\/\/www.visionbalans.se\/index.php?rest_route=\/wp\/v2\/posts"}],"about":[{"href":"https:\/\/www.visionbalans.se\/index.php?rest_route=\/wp\/v2\/types\/post"}],"author":[{"embeddable":true,"href":"https:\/\/www.visionbalans.se\/index.php?rest_route=\/wp\/v2\/users\/3"}],"replies":[{"embeddable":true,"href":"https:\/\/www.visionbalans.se\/index.php?rest_route=%2Fwp%2Fv2%2Fcomments&post=1369"}],"version-history":[{"count":0,"href":"https:\/\/www.visionbalans.se\/index.php?rest_route=\/wp\/v2\/posts\/1369\/revisions"}],"wp:attachment":[{"href":"https:\/\/www.visionbalans.se\/index.php?rest_route=%2Fwp%2Fv2%2Fmedia&parent=1369"}],"wp:term":[{"taxonomy":"category","embeddable":true,"href":"https:\/\/www.visionbalans.se\/index.php?rest_route=%2Fwp%2Fv2%2Fcategories&post=1369"},{"taxonomy":"post_tag","embeddable":true,"href":"https:\/\/www.visionbalans.se\/index.php?rest_route=%2Fwp%2Fv2%2Ftags&post=1369"}],"curies":[{"name":"wp","href":"https:\/\/api.w.org\/{rel}","templated":true}]}}