{"id":1371,"date":"2011-02-22T09:50:31","date_gmt":"2011-02-22T08:50:31","guid":{"rendered":"http:\/\/www.visionbalans.se\/?p=1371"},"modified":"2011-02-22T09:50:31","modified_gmt":"2011-02-22T08:50:31","slug":"ledare-nr-2-2011","status":"publish","type":"post","link":"https:\/\/www.visionbalans.se\/?p=1371","title":{"rendered":"Ledare nr 2 2011"},"content":{"rendered":"<p><b>Fas 3 \u2013 en fasa eller m\u00f6jlighet?<\/b><\/p>\n<p>Under l\u00e5ng tid har Fas 3 debatterats i alla m\u00f6jliga media och till och med riksdagen har haft debatter. Det \u00e4r bra. P\u00e5 rikskansliet arrangerar vi tr\u00e4ffar d\u00e4r m\u00e4nniskor kan komma och diskutera f\u00f6rh\u00e5llandena hos anordnare.<\/p>\n<p>Jag har m\u00f6tt m\u00e5nga olika \u00e5sikter om Fas 3 fr\u00e5n anvisade. De flesta tycker det \u00e4r bra att komma hemifr\u00e5n och f\u00e5 ett socialt liv samtidigt som man naturligtvis \u00e4r missn\u00f6jd med de villkor som regeringen satt upp.<\/p>\n<p>Regeringsf\u00f6retr\u00e4dare h\u00e4vdar med best\u00e4mdhet att Fas 3 \u00e4r bra och ger m\u00f6jlighet till meriter och kontakter man inte skulle ha f\u00e5tt annars.<\/p>\n<p>Samtidigt f\u00e5r vi ofta rapporter om m\u00e4nniskor som hos b\u00e5de privata och offentliga anordnare utnyttjas som arbetskraft till uppgifter som egentligen borde utf\u00f6ras av anst\u00e4llda.<\/p>\n<p><!--more--><\/p>\n<p>M\u00e5nga arbetsuppgifter har sparats bort under senare \u00e5r. Dessa \u00e4r inte l\u00e4ngre ordinarie uppgifter och d\u00e5 kan man formellt sett ta in personer p\u00e5 Fas 3. Att detta tr\u00e4nger undan riktiga anst\u00e4llningar struntar myndigheterna och regeringen i.<\/p>\n<p>Det \u00e4r intressant att regeringen och andra f\u00f6retr\u00e4dare menar att Fas 3 ska hj\u00e4lpa folk att komma tillbaka till den ordinarie arbetsmarknaden n\u00e4r folk redan befinner sig p\u00e5 den ordinarie arbetsmarknaden. Fast med en\u00a0\u00a0\u00a0\u00a0\u00a0\u00a0\u00a0\u00a0\u00a0\u00a0\u00a0\u00a0\u00a0\u00a0 Fas 3-anvisning. Offentliga anordnare har personer som kallas cityv\u00e4rdar som g\u00f6r det som tidigare anst\u00e4llda p\u00e5 gatukontoret gjort. \u00c4ven inom omsorgen fyller man ut med Fas 3.<\/p>\n<p>Privata vinstdrivande anordnare anv\u00e4nder Fas 3 f\u00f6r att man inte har r\u00e5d att anst\u00e4lla. Borde det d\u00e5 inte finnas krav p\u00e5 att alla som arbetar f\u00e5r del av vinsten eller f\u00f6retaget i st\u00e4llet f\u00f6r att bara utnyttja folk?<\/p>\n<p>I st\u00e4llet f\u00f6r att se orsaken till arbetsl\u00f6sheten i det r\u00e4nteb\u00e4rande ekonomiska systemet g\u00f6rs m\u00e4nniskor till orsaken genom att man talar om ett matchningsproblem. Det \u00e4r individerna det \u00e4r fel p\u00e5 enligt detta syns\u00e4tt trots att det finns massor med v\u00e4lutbildade bland dessa.<\/p>\n<p>Om nu individerna ska kl\u00e4 skott f\u00f6r arbetsl\u00f6sheten s\u00e5 ge folk resurser att skapa sina egna, nya, arbetstillf\u00e4llen! Kanske kan Fas 3 bli en inkubator till nya jobb utifr\u00e5n ett socialt perspektiv om nu dessa inte anses passa in p\u00e5 den \u201dordinarie\u201d arbetsmarknaden. Med h\u00f6jd ers\u00e4ttning som kompensation f\u00f6r \u00f6kade omkostnader som resor, mat, barnomsorg, kl\u00e4der med mera minskar den ekonomiska stressen. Med ett f\u00f6rh\u00e5llningss\u00e4tt fr\u00e5n regering och dess myndigheter som \u00e4r st\u00f6ttande i st\u00e4llet f\u00f6r \u00f6verkontrollerande kan anst\u00e4llningsl\u00f6sa f\u00e5 lugn och trygghet och fokusera p\u00e5 att vara kreativa i st\u00e4llet f\u00f6r att bli \u00f6verstressade.<\/p>\n<p>Man borde bredda synen p\u00e5 vad anordnarbidraget kan g\u00e5 till. Om individen anser sig beh\u00f6va utbildning kan bidraget anv\u00e4ndas till det. Om andra vill g\u00e5 ihop i en f\u00f6rening eller kooperativ och starta aff\u00e4rsverksamhet kan pengarna g\u00e5 till det. Ska Fas 3 vara utifr\u00e5n individens behov som arbetsmarknadsminister Hillevi Engstr\u00f6m uttryckt m\u00e5ste man b\u00f6rja ta h\u00e4nsyn till att individer har olika behov.<\/p>\n<p>Arbetsf\u00f6rmedlingen gick nyligen ut med att personer i Fas 3 endast f\u00e5r vara kvar tv\u00e5 \u00e5r hos en och samma anordnare. I v\u00e5r egen verksamhet \u00e4r det personer i Fas 3 som utvecklat Vision Balans. Eftersom tidskriften \u00e4nnu inte kan b\u00e4ra sina egna kostnader tvingas personer bort vilket riskerar att skjuta ett projekt med potential i sank. V\u00e5r redaktionsgrupp anser att Fas 3 s\u00e5 som vi bedriver det ger en framtidstro och hopp om anst\u00e4llning. SALO vill ge folk framtidstro och hopp medan regeringen g\u00f6r tv\u00e4rtom.<\/p>\n<p align=\"right\">\u00a0Henrik Lund<\/p>\n","protected":false},"excerpt":{"rendered":"<p>Fas 3 \u2013 en fasa eller m\u00f6jlighet? Under l\u00e5ng tid har Fas 3 debatterats i alla m\u00f6jliga media och till och med riksdagen har haft debatter. Det \u00e4r bra. P\u00e5 rikskansliet arrangerar vi tr\u00e4ffar d\u00e4r m\u00e4nniskor kan komma och diskutera f\u00f6rh\u00e5llandena hos anordnare. Jag har m\u00f6tt m\u00e5nga olika \u00e5sikter om[&#8230;]<\/p>\n","protected":false},"author":3,"featured_media":0,"comment_status":"closed","ping_status":"closed","sticky":false,"template":"","format":"standard","meta":{"footnotes":""},"categories":[17],"tags":[],"class_list":["post-1371","post","type-post","status-publish","format-standard","hentry","category-ledare"],"_links":{"self":[{"href":"https:\/\/www.visionbalans.se\/index.php?rest_route=\/wp\/v2\/posts\/1371","targetHints":{"allow":["GET"]}}],"collection":[{"href":"https:\/\/www.visionbalans.se\/index.php?rest_route=\/wp\/v2\/posts"}],"about":[{"href":"https:\/\/www.visionbalans.se\/index.php?rest_route=\/wp\/v2\/types\/post"}],"author":[{"embeddable":true,"href":"https:\/\/www.visionbalans.se\/index.php?rest_route=\/wp\/v2\/users\/3"}],"replies":[{"embeddable":true,"href":"https:\/\/www.visionbalans.se\/index.php?rest_route=%2Fwp%2Fv2%2Fcomments&post=1371"}],"version-history":[{"count":0,"href":"https:\/\/www.visionbalans.se\/index.php?rest_route=\/wp\/v2\/posts\/1371\/revisions"}],"wp:attachment":[{"href":"https:\/\/www.visionbalans.se\/index.php?rest_route=%2Fwp%2Fv2%2Fmedia&parent=1371"}],"wp:term":[{"taxonomy":"category","embeddable":true,"href":"https:\/\/www.visionbalans.se\/index.php?rest_route=%2Fwp%2Fv2%2Fcategories&post=1371"},{"taxonomy":"post_tag","embeddable":true,"href":"https:\/\/www.visionbalans.se\/index.php?rest_route=%2Fwp%2Fv2%2Ftags&post=1371"}],"curies":[{"name":"wp","href":"https:\/\/api.w.org\/{rel}","templated":true}]}}