{"id":1375,"date":"2011-01-22T09:54:42","date_gmt":"2011-01-22T08:54:42","guid":{"rendered":"http:\/\/www.visionbalans.se\/?p=1375"},"modified":"2011-01-22T09:54:42","modified_gmt":"2011-01-22T08:54:42","slug":"ledare-nr-1-2011","status":"publish","type":"post","link":"https:\/\/www.visionbalans.se\/?p=1375","title":{"rendered":"Ledare nr 1 2011"},"content":{"rendered":"<p><b>F\u00f6r vem?!<\/b><\/p>\n<p>Denna uppfordrande fr\u00e5gest\u00e4llning fick jag och mina kollegor p\u00e5 en kurs d\u00e5 jag arbetade som rehabiliteringssamordnare p\u00e5 F\u00f6rs\u00e4kringskassan i slutet av 1990-talet.<\/p>\n<p>F\u00f6r vem, \u00e4r den som arbetar inom myndigheter? Jag tror det inte \u00e4r klart och tydligt f\u00f6r alla l\u00e4ngre, och var inte ens d\u00e5.<\/p>\n<p>En situation med f\u00f6r h\u00f6ga krav fr\u00e5n regering och ledning, f\u00f6r m\u00e5nga \u00e4renden och \u201dkunder\u201d som kr\u00e4ver att man ska l\u00f6sa deras situation trots ett regelverk och rutiner som tar ifr\u00e5n handl\u00e4ggaren verktygen att kunna p\u00e5verka kundens situation, g\u00f6r att handl\u00e4ggaren drar sig f\u00f6r att ta ansvar.<\/p>\n<p>Paradoxalt nog, just n\u00e4r jag skriver detta kommer ett mail fr\u00e5n F\u00f6rs\u00e4kringskassan, om att oh\u00e4lsotalet minskade med 3,3 dagar under 2010. Hurra utropar s\u00e4kert finansministern men vad s\u00e4ger det egentligen om h\u00e4lsan i landet? Det s\u00e4ger bara att staten har tagit ansvar f\u00f6r f\u00e4rre av dem som beh\u00f6ver st\u00f6d. Folk blir inte friskare av att man minskar oh\u00e4lsotalet!<\/p>\n<p><!--more--><\/p>\n<p>Kommunernas f\u00f6rs\u00f6rjningsst\u00f6dskontor \u00e4r nog inte lika glada. Det blir n\u00e4mligen de som f\u00e5r ta sm\u00e4llen i m\u00e5nga fall.<\/p>\n<p>Vi har idag en f\u00f6rs\u00e4kringskassa som klassar gravt sjuka m\u00e4nniskor som arbetsf\u00f6ra. Bara f\u00f6r att man i slutet p\u00e5 1990-talet b\u00f6rjade prata om friskfaktorer i st\u00e4llet f\u00f6r sjukfaktorer.<\/p>\n<p>Jag arbetar bland annat med att hj\u00e4lpa enskilda personer som hamnat mellan stolarna p\u00e5 olika s\u00e4tt. Det kan handla om allt fr\u00e5n psykologiska och sociala fr\u00e5gor till rent ekonomiska fr\u00e5gor.<\/p>\n<p>Om jag skulle sammanfatta det jag g\u00f6r i arbetet som \u00e4r riktat mot kommunikationen mellan myndigheter och enskilda m\u00e4nniskor s\u00e5 \u00e4r det en sak som dominerar \u2013 <b><i>att f\u00e5 myndighetens tj\u00e4nstem\u00e4n att f\u00f6rst\u00e5 att det \u00e4r m\u00e4nniskor de hanterar.<\/i><\/b><\/p>\n<p>F\u00f6rutom handl\u00e4ggares undermedvetna f\u00f6rskjutning av ansvaret till individen p\u00e5 grund av stress sn\u00e4var F\u00f6rs\u00e4kringskassan in definitionerna p\u00e5 sjukdom, arbetsf\u00f6rm\u00e5ga och annat vilket medf\u00f6r att individen f\u00e5r en enorm bevisb\u00f6rda f\u00f6r att komma i \u00e5tnjutande av ers\u00e4ttning. P\u00e5 grund av att det \u00e4r sjuka m\u00e4nniskor som tvingas axla detta ansvar s\u00e5 orkar m\u00e5nga inte detta. De accepterar att leva under f\u00f6rh\u00e5llanden som \u00e4r mycket sv\u00e5ra medan F\u00f6rs\u00e4kringskassan skickar ut pressmeddelande om att oh\u00e4lsotalet minskar.<\/p>\n<p>Genom att tala om (o)h\u00e4lsa ist\u00e4llet f\u00f6r sjukdom g\u00f6r man det sv\u00e5rare f\u00f6r den medicinska expertisen som diagnostiserar sjuka m\u00e4nniskor att vinna geh\u00f6r f\u00f6r sina utl\u00e5tanden. H\u00e4lsa \u00e4r inget medicinskt begrepp och d\u00e4rf\u00f6r beh\u00f6ver inte handl\u00e4ggaren beakta det som en sanning.<\/p>\n<p>Arbetsof\u00f6rm\u00e5gebegreppet \u00e4r ett annat problem. I socialv\u00e5rdskommitt\u00e9ns bet\u00e4nkande fr\u00e5n 1944 delade man upp begreppet i tv\u00e5 delar. (1) om man p\u00e5 grund av sjukdom rent faktiskt inte kan utf\u00f6ra arbetsmomenten i sitt f\u00f6rv\u00e4rvsarbete helt eller delvis. (2) om det f\u00f6r att bota sjukdomen \u00e4r l\u00e4mpligt att personen avh\u00e5ller sig fr\u00e5n f\u00f6rv\u00e4rvsarbete.<\/p>\n<p>Arbetslinjen, som den har utvecklats, fokuserar idag den f\u00f6rsta definitionen. Att avh\u00e5lla sig fr\u00e5n f\u00f6rv\u00e4rvsarbete f\u00f6r att bota eller lindra sjukdom \u00e4r inte legitimt i dagens samh\u00e4lle. \u00c5tminstone inte med rimlig ers\u00e4ttning.<\/p>\n<p align=\"right\">\u00a0Henrik Lund<\/p>\n","protected":false},"excerpt":{"rendered":"<p>F\u00f6r vem?! Denna uppfordrande fr\u00e5gest\u00e4llning fick jag och mina kollegor p\u00e5 en kurs d\u00e5 jag arbetade som rehabiliteringssamordnare p\u00e5 F\u00f6rs\u00e4kringskassan i slutet av 1990-talet. F\u00f6r vem, \u00e4r den som arbetar inom myndigheter? Jag tror det inte \u00e4r klart och tydligt f\u00f6r alla l\u00e4ngre, och var inte ens d\u00e5. En situation[&#8230;]<\/p>\n","protected":false},"author":3,"featured_media":0,"comment_status":"closed","ping_status":"closed","sticky":false,"template":"","format":"standard","meta":{"footnotes":""},"categories":[17],"tags":[],"class_list":["post-1375","post","type-post","status-publish","format-standard","hentry","category-ledare"],"_links":{"self":[{"href":"https:\/\/www.visionbalans.se\/index.php?rest_route=\/wp\/v2\/posts\/1375","targetHints":{"allow":["GET"]}}],"collection":[{"href":"https:\/\/www.visionbalans.se\/index.php?rest_route=\/wp\/v2\/posts"}],"about":[{"href":"https:\/\/www.visionbalans.se\/index.php?rest_route=\/wp\/v2\/types\/post"}],"author":[{"embeddable":true,"href":"https:\/\/www.visionbalans.se\/index.php?rest_route=\/wp\/v2\/users\/3"}],"replies":[{"embeddable":true,"href":"https:\/\/www.visionbalans.se\/index.php?rest_route=%2Fwp%2Fv2%2Fcomments&post=1375"}],"version-history":[{"count":0,"href":"https:\/\/www.visionbalans.se\/index.php?rest_route=\/wp\/v2\/posts\/1375\/revisions"}],"wp:attachment":[{"href":"https:\/\/www.visionbalans.se\/index.php?rest_route=%2Fwp%2Fv2%2Fmedia&parent=1375"}],"wp:term":[{"taxonomy":"category","embeddable":true,"href":"https:\/\/www.visionbalans.se\/index.php?rest_route=%2Fwp%2Fv2%2Fcategories&post=1375"},{"taxonomy":"post_tag","embeddable":true,"href":"https:\/\/www.visionbalans.se\/index.php?rest_route=%2Fwp%2Fv2%2Ftags&post=1375"}],"curies":[{"name":"wp","href":"https:\/\/api.w.org\/{rel}","templated":true}]}}