{"id":1377,"date":"2010-06-22T09:58:56","date_gmt":"2010-06-22T07:58:56","guid":{"rendered":"http:\/\/www.visionbalans.se\/?p=1377"},"modified":"2010-06-22T09:58:56","modified_gmt":"2010-06-22T07:58:56","slug":"ledare-nr-6-2010","status":"publish","type":"post","link":"https:\/\/www.visionbalans.se\/?p=1377","title":{"rendered":"Ledare nr 6 2010"},"content":{"rendered":"<p>Detta skrivs p\u00e5 t\u00e5get mellan Malm\u00f6 och Norrk\u00f6ping den 23 november.<\/p>\n<p>Undertecknad och vice ordf\u00f6rande har bes\u00f6kt SALO:s lokalkontor i Malm\u00f6.<\/p>\n<p>Det har varit en fantastisk dag. Jag \u00e4r ofantligt stolt och glad \u00f6ver att ha kunnat vara med och bidra till att ge f\u00f6ruts\u00e4ttningar f\u00f6r att fler m\u00e4nniskor ska kunna trivas och k\u00e4nna en meningsfullhet trots arbetsmarknadens usla villkor.<\/p>\n<p>Dessa villkor beror oftast inte p\u00e5 elaka handl\u00e4ggare p\u00e5 myndigheter som man kanske kan f\u00f6rledas att tro. Visst finns det otroligt mycket okunnighet om hur man behandlar m\u00e4nniskor p\u00e5 ett professionellt s\u00e4tt. Man kan j\u00e4mf\u00f6ra det med n\u00e5got jag l\u00e4ste n\u00e5gonstans lite sk\u00e4mtsamt om politiker \u2013 de \u00e4r inte dumma, de har bara otur n\u00e4r de t\u00e4nker.<\/p>\n<p><!--more--><\/p>\n<p>Humorn \u00e4r viktig i livet, s\u00e4rskilt i sv\u00e5ra tider. Genom humorn f\u00e5r vi distans till det obehagliga i livet och samtidigt till oss sj\u00e4lva.<\/p>\n<p>N\u00e4r man sitter mitt emot en handl\u00e4ggare och \u00f6nskar denne till en varmare plats kan det vara bra att f\u00f6rst\u00e5 att denne \u00e4r mycket begr\u00e4nsad i sitt arbete. De beslut som tas i riksdagen och regeringen f\u00f6rmedlas till myndighetsledningen som i sin tur f\u00f6r detta vidare ner genom myndighetens alla niv\u00e5er och hamnar i kn\u00e4et p\u00e5 handl\u00e4ggaren. Eftersom orsakerna till arbetsmarknadsproblemen ligger i de \u00f6vergripande ekonomiska strukturerna kan inte handl\u00e4ggaren l\u00f6sa individens problem.<\/p>\n<p>M\u00e5nga handl\u00e4ggare m\u00e5r naturligtvis inte bra av detta och tappar sin professionalitet. Ingen vill m\u00e5 d\u00e5ligt p\u00e5 grund av att man inte kan p\u00e5verka, i sitt arbete. D\u00e4rf\u00f6r projicerar dessa handl\u00e4ggare sin \u00e5ngest inf\u00f6r sin situation p\u00e5 medborgaren som kommer och hoppas p\u00e5 att bli hj\u00e4lpt. Det \u00e4r d\u00e5 inte konstigt att tro att handl\u00e4ggaren \u00e4r \u201ddum\u201d. Den skuld som den enskilde ofta k\u00e4nner i kontakten med handl\u00e4ggare \u00e4r allts\u00e5 skapad av riksdag och regering och f\u00f6rmedlad av myndighetens handl\u00e4ggare som inte klarar av l\u00f6sa problemet utan blir fyrkantiga byr\u00e5krater.<\/p>\n<p>Det \u00e4r d\u00e4rf\u00f6r som SALO agerar p\u00e5 b\u00e5de individniv\u00e5 i kontakten med handl\u00e4ggare och p\u00e5 nationell niv\u00e5 f\u00f6r att p\u00e5verka riksdag och regering. Vi anv\u00e4nder den kunskap vi f\u00e5r om m\u00e4nniskors situation f\u00f6r att argumentera f\u00f6r f\u00f6r\u00e4ndringar p\u00e5 nationell niv\u00e5.<\/p>\n<p>Det \u00e4r d\u00e4rf\u00f6r jag k\u00e4nner en enorm tillfredsst\u00e4llelse att vi nu har kontor b\u00e5de i Norrk\u00f6ping och i Malm\u00f6. Vi vill g\u00e4rna komma i kontakt med m\u00e4nniskor p\u00e5 andra orter som delar v\u00e5r vision om en b\u00e4ttre balans mellan arbete \u2013 livskvalitet \u2013 milj\u00f6.<\/p>\n<p>Vi vill inte ha ett samh\u00e4lle d\u00e4r riksdagen indirekt diskriminerar stora grupper av medborgarna genom exempelvis arbetsmarknads-, och socialf\u00f6rs\u00e4kringspolitiken &#8211; en politik som i stort accepteras av fackf\u00f6reningsr\u00f6relsen utan knorr.<\/p>\n<p>Medarbetarna i Malm\u00f6 har skapat sig en utm\u00e4rkt plattform f\u00f6r att hj\u00e4lpa varandra och hj\u00e4lpa sina medm\u00e4nniskor lokalt som beh\u00f6ver st\u00f6d. De ligger i startgroparna f\u00f6r att bilda en lokalavdelning och en egen styrelse f\u00f6r att kunna \u00f6ka egenmakten ytterligare. De har m\u00e5nga fantastiskt fina id\u00e9er om hur de vill utveckla verksamheten och med det engagemang vi sett idag har de alla m\u00f6jligheter att lyckas. Jag \u00f6nskar dem all framg\u00e5ng i forts\u00e4ttningen.<\/p>\n<p>God jul och Gott nytt \u00e5r h\u00e4lsar en imponerad och glad ordf\u00f6rande p\u00e5 t\u00e5get genom ett sn\u00f6igt Sm\u00e5land.<\/p>\n<p align=\"right\">\u00a0Henrik Lund<\/p>\n","protected":false},"excerpt":{"rendered":"<p>Detta skrivs p\u00e5 t\u00e5get mellan Malm\u00f6 och Norrk\u00f6ping den 23 november. Undertecknad och vice ordf\u00f6rande har bes\u00f6kt SALO:s lokalkontor i Malm\u00f6. Det har varit en fantastisk dag. Jag \u00e4r ofantligt stolt och glad \u00f6ver att ha kunnat vara med och bidra till att ge f\u00f6ruts\u00e4ttningar f\u00f6r att fler m\u00e4nniskor ska[&#8230;]<\/p>\n","protected":false},"author":3,"featured_media":0,"comment_status":"closed","ping_status":"closed","sticky":false,"template":"","format":"standard","meta":{"footnotes":""},"categories":[17],"tags":[],"class_list":["post-1377","post","type-post","status-publish","format-standard","hentry","category-ledare"],"_links":{"self":[{"href":"https:\/\/www.visionbalans.se\/index.php?rest_route=\/wp\/v2\/posts\/1377","targetHints":{"allow":["GET"]}}],"collection":[{"href":"https:\/\/www.visionbalans.se\/index.php?rest_route=\/wp\/v2\/posts"}],"about":[{"href":"https:\/\/www.visionbalans.se\/index.php?rest_route=\/wp\/v2\/types\/post"}],"author":[{"embeddable":true,"href":"https:\/\/www.visionbalans.se\/index.php?rest_route=\/wp\/v2\/users\/3"}],"replies":[{"embeddable":true,"href":"https:\/\/www.visionbalans.se\/index.php?rest_route=%2Fwp%2Fv2%2Fcomments&post=1377"}],"version-history":[{"count":0,"href":"https:\/\/www.visionbalans.se\/index.php?rest_route=\/wp\/v2\/posts\/1377\/revisions"}],"wp:attachment":[{"href":"https:\/\/www.visionbalans.se\/index.php?rest_route=%2Fwp%2Fv2%2Fmedia&parent=1377"}],"wp:term":[{"taxonomy":"category","embeddable":true,"href":"https:\/\/www.visionbalans.se\/index.php?rest_route=%2Fwp%2Fv2%2Fcategories&post=1377"},{"taxonomy":"post_tag","embeddable":true,"href":"https:\/\/www.visionbalans.se\/index.php?rest_route=%2Fwp%2Fv2%2Ftags&post=1377"}],"curies":[{"name":"wp","href":"https:\/\/api.w.org\/{rel}","templated":true}]}}