{"id":1381,"date":"2010-05-22T10:40:57","date_gmt":"2010-05-22T08:40:57","guid":{"rendered":"http:\/\/www.visionbalans.se\/?p=1381"},"modified":"2010-05-22T10:40:57","modified_gmt":"2010-05-22T08:40:57","slug":"ledare-nr-5-2010","status":"publish","type":"post","link":"https:\/\/www.visionbalans.se\/?p=1381","title":{"rendered":"Ledare nr 5 2010"},"content":{"rendered":"<p>H\u00f6sten har tagit tag i den naturliga processen som Moder jord of\u00f6rtr\u00f6ttligt bereder oss varje \u00e5r. S\u00e5 h\u00e4r efter sommarens ledighet och lek fastnar vi l\u00e4tt i h\u00f6stens allvar. D\u00e5 kan det vara nyttigt med lite h\u00f6stfilosoferande.<\/p>\n<p>Kanske tr\u00e4ffade du n\u00e5gon i somras som du inte sett p\u00e5 l\u00e4nge. &#8211; Hej, hur har du det nu f\u00f6r tiden? Det \u00e4r nog en av de vanligaste fr\u00e5gorna vi st\u00e4ller varandra. Fr\u00e5gan rymmer m\u00e5nga dimensioner. &#8211; Vad har du gjort sedan sist (vilket kan vara m\u00e5nga \u00e5r)? &#8211; Vad g\u00f6r du just nu? (det vill s\u00e4ga vad jobbar du med nu? vilket f\u00f6ruts\u00e4tter att du har anst\u00e4llning). &#8211; Vad har du f\u00f6r planer inf\u00f6r framtiden? &#8211; \u00c4r du gift\/skild? &#8211; Har du barn? &#8211; \u00c4r du frisk\/sjuk? &#8211; \u00c4r du lycklig\/olycklig? eller &#8211; Var bor du? &#8211; \u00c4r du rik\/fattig? Oftast svarar man nog artigt att det \u00e4r bra, d\u00e4rf\u00f6r att det \u00e4r normen \u2013 att <i>det<\/i> \u00e4r bra. Tr\u00e4ffar man p\u00e5 en kamrat fr\u00e5n svunna tider k\u00e4nns det ibland som att tiden st\u00e5tt stilla.<\/p>\n<p>Vi f\u00f6ds som m\u00e4nniskor och d\u00f6r som m\u00e4nniskor. D\u00e4remellan fr\u00e5ntas vi ofta det m\u00e4nskliga. Som barn \u00e4r vi potentiella arbetstagare och g\u00e5r i skolan f\u00f6r att vi som vuxna ska bli duktiga arbetare. Vissa avancerar till chefer och VD:ar. Vi blir brickor i ett ekonomiskt spel. \u00c4r det kanske det som g\u00f6r att vi gl\u00f6mmer v\u00e5rt naturliga ursprung och \u201dtvingar\u201d oss att springa i ekorrhjulet f\u00f6r att konkurrera om de \u00e4ndliga resurserna &#8211; f\u00f6r makten och \u00e4gandets skull? Ansvaret f\u00f6r v\u00e5ra barnbarns framtid och Jordens framtid f\u00e5r komma i andra hand. Den brittiske fysikern Stephen Hawking menade att \u201ddet handlar inte om tillv\u00e4xt, det handlar om balans\u201d. Samtidigt har vi en livsstil som \u00e4r i obalans. Obalans med naturen och oss sj\u00e4lva, d\u00e4rf\u00f6r att vi \u00e4r en del av naturen.<\/p>\n<p><!--more--><\/p>\n<p>Indianh\u00f6vdingen Cheif Oren Lyons (Doppings styrkedroppar, 2004) menar att \u201dnaturlagarna kommer slutligen att balansera allt\u201d. Girighet bel\u00f6nas mer \u00e4n den andliga kontakten med naturen. Sj\u00e4lv tror jag att balans inte \u00e4r detsamma som harmoni f\u00f6r oss. N\u00e4r vi drivit \u00f6verkonsumtionen \u00f6ver den yttersta gr\u00e4nsen kommer balansen i naturen g\u00f6ra att m\u00e4nskligheten inte kommer \u00f6verleva. Vad \u00e4r v\u00e5r surt f\u00f6rv\u00e4rvade v\u00e4lf\u00e4rd v\u00e4rd d\u00e5?<\/p>\n<p>Oren Lyons fr\u00e5gade en g\u00e5ng en samling VD:ar varf\u00f6r de inte hejdade sig i sin tillv\u00e4xtiver. En VD svarade att han skulle f\u00e5 sparken om han gjorde det. Oren Lyons fr\u00e5gade om han hade barn. Han svarade att han hade b\u00e5de barn och barnbarn. Oren Lyons fr\u00e5gade d\u00e5: \u201dN\u00e4r t\u00e4nker du upph\u00f6ra att vara direkt\u00f6r, och bli morf\u00f6r i st\u00e4llet?\u201d. Han fick inget svar. Och medan svaret \u00e4r obesvarat g\u00e5r tiden.<\/p>\n<p>Allt \u00e4r fr\u00e5gor som ber\u00f6r livsprocessen som p\u00e5g\u00e5r medan tiden g\u00e5r. Men, vem kan egentligen svara p\u00e5 om det \u00e4r tiden som g\u00e5r? Eller \u00e4r det bara visarna p\u00e5 klockan som snurrar utan att tiden g\u00e5r. Ja \u2013 tid, vad \u00e4r det egentligen? Finns tiden i universum s\u00e5som vi best\u00e4mt oss f\u00f6r att uppfatta den? Det mesta vi g\u00f6r \u00e4r relaterat till tid. Tidigare var tiden relaterad till naturen. Nu \u00e4r den relaterad till klockan och allt vi tvingar oss att hinna med medan visarna g\u00e5r. Hur m\u00e5nga m\u00e4n i den \u00e4ldre generationen har inte uppt\u00e4ckt p\u00e5 \u00e5lderns h\u00f6st, hur mycket de f\u00f6rlorat medan de la all sin tid p\u00e5 l\u00f6nearbetet. En del till och med, med uppgift att effektivisera och rationalisera bort andra anst\u00e4llda som d\u00e5 hamnat utanf\u00f6r l\u00f6nearbetsmarknaden. Allt f\u00f6r tillv\u00e4xtens skull.<\/p>\n<p>Kanske b\u00f6r vi fundera \u00f6ver vad vi g\u00f6r med v\u00e5r tid, eller kanske v\u00e5rt \u201dvarande\u201d. Jag tror vi beh\u00f6ver f\u00f6r\u00e4ndra samh\u00e4llsstrukturerna som definierar oss alla som \u201dg\u00f6rande\u201d till att se oss som \u201dvarande\u201d. Vi \u00e4r m\u00e4nniskor genom hela livet. Vi \u00e4r inte det vi g\u00f6r. Och medan tiden st\u00e5r stilla, \u00e5ldras v\u00e5ra kroppar.<\/p>\n<p align=\"right\">\u00a0Henrik Lund<\/p>\n","protected":false},"excerpt":{"rendered":"<p>H\u00f6sten har tagit tag i den naturliga processen som Moder jord of\u00f6rtr\u00f6ttligt bereder oss varje \u00e5r. S\u00e5 h\u00e4r efter sommarens ledighet och lek fastnar vi l\u00e4tt i h\u00f6stens allvar. D\u00e5 kan det vara nyttigt med lite h\u00f6stfilosoferande. Kanske tr\u00e4ffade du n\u00e5gon i somras som du inte sett p\u00e5 l\u00e4nge. &#8211;[&#8230;]<\/p>\n","protected":false},"author":3,"featured_media":0,"comment_status":"closed","ping_status":"closed","sticky":false,"template":"","format":"standard","meta":{"footnotes":""},"categories":[17],"tags":[],"class_list":["post-1381","post","type-post","status-publish","format-standard","hentry","category-ledare"],"_links":{"self":[{"href":"https:\/\/www.visionbalans.se\/index.php?rest_route=\/wp\/v2\/posts\/1381","targetHints":{"allow":["GET"]}}],"collection":[{"href":"https:\/\/www.visionbalans.se\/index.php?rest_route=\/wp\/v2\/posts"}],"about":[{"href":"https:\/\/www.visionbalans.se\/index.php?rest_route=\/wp\/v2\/types\/post"}],"author":[{"embeddable":true,"href":"https:\/\/www.visionbalans.se\/index.php?rest_route=\/wp\/v2\/users\/3"}],"replies":[{"embeddable":true,"href":"https:\/\/www.visionbalans.se\/index.php?rest_route=%2Fwp%2Fv2%2Fcomments&post=1381"}],"version-history":[{"count":0,"href":"https:\/\/www.visionbalans.se\/index.php?rest_route=\/wp\/v2\/posts\/1381\/revisions"}],"wp:attachment":[{"href":"https:\/\/www.visionbalans.se\/index.php?rest_route=%2Fwp%2Fv2%2Fmedia&parent=1381"}],"wp:term":[{"taxonomy":"category","embeddable":true,"href":"https:\/\/www.visionbalans.se\/index.php?rest_route=%2Fwp%2Fv2%2Fcategories&post=1381"},{"taxonomy":"post_tag","embeddable":true,"href":"https:\/\/www.visionbalans.se\/index.php?rest_route=%2Fwp%2Fv2%2Ftags&post=1381"}],"curies":[{"name":"wp","href":"https:\/\/api.w.org\/{rel}","templated":true}]}}