{"id":1384,"date":"2010-04-22T10:45:02","date_gmt":"2010-04-22T08:45:02","guid":{"rendered":"http:\/\/www.visionbalans.se\/?p=1384"},"modified":"2010-04-22T10:45:02","modified_gmt":"2010-04-22T08:45:02","slug":"ledare-nr-4-2010","status":"publish","type":"post","link":"https:\/\/www.visionbalans.se\/?p=1384","title":{"rendered":"Ledare nr 4 2010"},"content":{"rendered":"<p>Snart \u00e4r det val. Som vanligt kryddar partierna sin valfl\u00e4sksoppa med enkla budskap som mer pengar i fickan eller h\u00e5rdare tag mot fusk.<\/p>\n<p>Man kan v\u00e4l bara hoppas p\u00e5 att de n\u00e5gon g\u00e5ng skulle b\u00f6rja diskutera samh\u00e4llsfr\u00e5gor p\u00e5 djupet. Till exempel: ska samh\u00e4llet vara till f\u00f6r m\u00e4nniskorna eller ska m\u00e4nniskorna vara till f\u00f6r samh\u00e4llet? Eller varf\u00f6r inte: ska pengarna vara till f\u00f6r <i>alla<\/i> m\u00e4nniskor eller ska de vara till f\u00f6r dem som \u00e4ger mest pengar?<\/p>\n<p>Ord som \u201dutanf\u00f6rskap\u201d och \u201darbetslinjen\u201d hoppar som grodor ur varje politikermun. Allt f\u00f6r att verka seri\u00f6s. Hur kan m\u00e4nniskor som kanske haft anst\u00e4llning i 30 \u00e5r och lever ett normalt liv befinna sig i utanf\u00f6rskap bara f\u00f6r att de blivit anst\u00e4llningsl\u00f6sa? Varf\u00f6r ska m\u00e4nniskor beh\u00f6va k\u00e4nna sig utanf\u00f6r bara f\u00f6r att de blivit sjuka och hamnat hos F\u00f6rs\u00e4kringskassan?<\/p>\n<p>Borde det inte vara s\u00e5 att alla har r\u00e4tt till livskvalitet?<\/p>\n<p><!--more--><\/p>\n<p>Alla borde ha r\u00e4tt till ett arbete. Fr\u00e5gan \u00e4r <i>vilket<\/i> arbete d\u00e5 arbetsmarknaden hela tiden krymper och l\u00f6nearbetena blir f\u00e4rre, samtidigt som arbetskraften inneh\u00e5ller personer som \u00e4r i de \u00e5ldrar som arbetsgivarna ratar idag.<\/p>\n<p>Alliansen, och \u00e4ven socialdemokratiska regeringar, har lagt ansvaret f\u00f6r att l\u00f6sa arbetsl\u00f6sheten i kn\u00e4et p\u00e5 individen. Hur konstruktivt \u00e4r det?<\/p>\n<p>Vi borde i st\u00e4llet diskutera vad Arbete <i>\u00e4r<\/i>? I dagens system definieras det \u201dl\u00f6nearbete\u201d. Arbete \u00e4r \u00e4nd\u00e5 s\u00e5 mycket mer. Se till exempel p\u00e5 allt informellt och ideellt arbete som utf\u00f6rs men som inte v\u00e4rderas i pengar bara f\u00f6r att det inte finns p\u00e5 l\u00f6nearbetsmarknaden. Vad \u00e4r det f\u00f6r livskvalitet att bli definierad som utanf\u00f6r bara f\u00f6r att vi har en krympande l\u00f6nearbetsmarknad? Inte ens alliansen har klarat av att minska det de kallar utanf\u00f6rskapet. Arbetsmarknadsdepartementet skriver sj\u00e4lva i en sammanst\u00e4llning att utanf\u00f6rskapet i st\u00e4llet har \u00f6kat med drygt 6000 personer sedan 2006.<\/p>\n<p>L\u00f6nearbetsmarknaden h\u00e4nger ihop med den ekonomiska politiken. Den ekonomiska politiken \u00e4r beroende av den globala ekonomin. Det som v\u00e4rderas och prioriteras i dagens ekonomiska system \u00e4r vinst (tillv\u00e4xt). Antingen vinst p\u00e5 arbete eller vinst (r\u00e4nta) p\u00e5 kapital. Resultatet i ett system som detta n\u00e4r man fokuserar arbetslinjen blir dubbelmoral. Arbetslinjen blir d\u00e5 till f\u00f6r dem som tj\u00e4nar pengar p\u00e5 sitt kapital, inte dem som \u00e4r anst\u00e4llningsl\u00f6sa. Det talas om solidaritet men man menar att den som \u00e4r \u201dutanf\u00f6r\u201d ska vara solidarisk med den som \u00e4r \u201dinnanf\u00f6r\u201d.<\/p>\n<p>Vi lever allts\u00e5 i ett system som skapat och skapar en massa problem d\u00e4rf\u00f6r att det inte \u00e4r konstruerat f\u00f6r att v\u00e4rdera och legitimera alla m\u00e4nniskor. Det finns forskning som visar att endast 3 % av befolkningen de facto tj\u00e4nar ekonomiskt p\u00e5 detta system. D\u00e5 kommer Albert Einsteins ord f\u00f6r mig:<\/p>\n<p>\u201dDet kr\u00e4vs ett helt nytt s\u00e4tt att t\u00e4nka f\u00f6r att l\u00f6sa de problem vi skapat med det gamla s\u00e4ttet att t\u00e4nka\u201d<\/p>\n<p>I st\u00e4llet f\u00f6r ett system som enbart v\u00e4rderar m\u00e4nniskan utifr\u00e5n dennes st\u00e4llning p\u00e5 l\u00f6nearbetsmarknaden eller \u00e4gande av kapital borde vi ha ett system som v\u00e4rderar m\u00e4nniskan bara f\u00f6r att hon \u00e4r m\u00e4nniska. D\u00e5 inbegriper man alla m\u00e4nskliga aktiviteter inklusive vila som \u00e4r en underskattad aktivitet f\u00f6r att uppn\u00e5 h\u00e4lsa och kreativitet f\u00f6r att utveckla samh\u00e4llet i en h\u00e5llbar riktning.<\/p>\n<p>Min uppmaning till alla som vill ha f\u00f6r\u00e4ndring \u2013 f\u00f6rena er med SALO och g\u00e5 ut till politikerna och st\u00e4ll de besv\u00e4rliga fr\u00e5gorna!<\/p>\n<p>Varf\u00f6r ska vi beh\u00e5lla ett system som s\u00e4tter folk i \u201dkarant\u00e4n\u201d och legitimerar utarmning av anst\u00e4llda f\u00f6r vinsternas och tillv\u00e4xtens skull?<\/p>\n<p align=\"right\">\u00a0Henrik Lund<\/p>\n","protected":false},"excerpt":{"rendered":"<p>Snart \u00e4r det val. Som vanligt kryddar partierna sin valfl\u00e4sksoppa med enkla budskap som mer pengar i fickan eller h\u00e5rdare tag mot fusk. Man kan v\u00e4l bara hoppas p\u00e5 att de n\u00e5gon g\u00e5ng skulle b\u00f6rja diskutera samh\u00e4llsfr\u00e5gor p\u00e5 djupet. Till exempel: ska samh\u00e4llet vara till f\u00f6r m\u00e4nniskorna eller ska m\u00e4nniskorna[&#8230;]<\/p>\n","protected":false},"author":3,"featured_media":0,"comment_status":"closed","ping_status":"closed","sticky":false,"template":"","format":"standard","meta":{"footnotes":""},"categories":[17],"tags":[],"class_list":["post-1384","post","type-post","status-publish","format-standard","hentry","category-ledare"],"_links":{"self":[{"href":"https:\/\/www.visionbalans.se\/index.php?rest_route=\/wp\/v2\/posts\/1384","targetHints":{"allow":["GET"]}}],"collection":[{"href":"https:\/\/www.visionbalans.se\/index.php?rest_route=\/wp\/v2\/posts"}],"about":[{"href":"https:\/\/www.visionbalans.se\/index.php?rest_route=\/wp\/v2\/types\/post"}],"author":[{"embeddable":true,"href":"https:\/\/www.visionbalans.se\/index.php?rest_route=\/wp\/v2\/users\/3"}],"replies":[{"embeddable":true,"href":"https:\/\/www.visionbalans.se\/index.php?rest_route=%2Fwp%2Fv2%2Fcomments&post=1384"}],"version-history":[{"count":0,"href":"https:\/\/www.visionbalans.se\/index.php?rest_route=\/wp\/v2\/posts\/1384\/revisions"}],"wp:attachment":[{"href":"https:\/\/www.visionbalans.se\/index.php?rest_route=%2Fwp%2Fv2%2Fmedia&parent=1384"}],"wp:term":[{"taxonomy":"category","embeddable":true,"href":"https:\/\/www.visionbalans.se\/index.php?rest_route=%2Fwp%2Fv2%2Fcategories&post=1384"},{"taxonomy":"post_tag","embeddable":true,"href":"https:\/\/www.visionbalans.se\/index.php?rest_route=%2Fwp%2Fv2%2Ftags&post=1384"}],"curies":[{"name":"wp","href":"https:\/\/api.w.org\/{rel}","templated":true}]}}