{"id":1386,"date":"2010-03-22T11:05:07","date_gmt":"2010-03-22T10:05:07","guid":{"rendered":"http:\/\/www.visionbalans.se\/?p=1386"},"modified":"2010-03-22T11:05:07","modified_gmt":"2010-03-22T10:05:07","slug":"ledare-nr-3-2010","status":"publish","type":"post","link":"https:\/\/www.visionbalans.se\/?p=1386","title":{"rendered":"Ledare nr 3 2010"},"content":{"rendered":"<p>S\u00e5 \u00e4r d\u00e5 \u00e4nnu en sommar h\u00e4r. En sommar lika vacker som alla tidigare \u00e5r. Med en otrolig precision visar naturen varje \u00e5r sina krafter genom bladen p\u00e5 tr\u00e4den, ungarna i gryten och f\u00e5gelungarna som l\u00e4r sig flyga.<\/p>\n<p>Naturen st\u00e5r f\u00f6r en trygghet, som f\u00f6r oss m\u00e4nniskor kan bli dubbelbottnad. Vi invaggar oss ofta i en falsk trygghet, att naturen och dess resurser best\u00e5r, vad vi m\u00e4nniskor \u00e4n f\u00f6retar oss \u2013 att naturen \u00e4r till f\u00f6r v\u00e5r skull.<\/p>\n<p>F\u00f6rhoppningsvis kan vi bli klokare och se att s\u00e5 inte \u00e4r fallet. <i>Vi<\/i> \u00e4r n\u00e4mligen en del av <i>naturen<\/i> \u2013 inte tv\u00e4rt om.<\/p>\n<p><!--more--><\/p>\n<p>Bengt Hubendick beskriver detta i \u201dM\u00e4nniskoekologi\u201d, 1985. \u201dEn ensam m\u00e4nniska kan bara bli en h\u00f6gst tillf\u00e4llig f\u00f6reteelse. En isolerad grupp m\u00e4nniskor har inte heller stora m\u00f6jligheter. Inte ens hela m\u00e4nskligheten kan existera ensam. Den \u00e4r helt beroende av medvarelser, fr\u00e4mst v\u00e4xter och mikroorganismer. Dessa i sin tur \u00e4r beroende av jord, vatten och luft med de \u00e4ndl\u00f6sa kombinationer av sammans\u00e4ttning och tillst\u00e5nd hos dessa komponenter som bildar en del av v\u00e5r v\u00e4rlds enorma m\u00e5ngformighet. Verklighetens mest p\u00e5tagliga relation \u00e4r med andra ord beroenden. Ekologi handlar om beroenden, beroenden mellan organismer och deras omgivning av vilken \u00e4ven organismerna sj\u00e4lva \u00e4r en del.\u201d<\/p>\n<p>Ekologi handlar med andra ord inte enbart om naturen. Det handlar om oss m\u00e4nniskor och v\u00e5rt beroende till v\u00e5r omgivning. Visserligen st\u00e5r vi p\u00e5 toppen av n\u00e4ringskedjan men vi m\u00e5ste f\u00f6rst\u00e5 att de allra minsta delarna i systemet har avg\u00f6rande betydelse f\u00f6r v\u00e5ra livsbetingelser.<\/p>\n<p>En annan del i m\u00e4nniskors sammanhang \u00e4r tryggheten i en bostad. Ju fler som fastnar utanf\u00f6r arbetsmarknaden, desto fler riskerar s\u00e4mre trygghet i sitt boende. Bara det faktum att vara utan en anst\u00e4llning kan g\u00f6ra det sv\u00e5rt att f\u00e5 ett bostadskontrakt och \u00e4nnu sv\u00e5rare \u00e4r det att f\u00e5 l\u00e5na i bank till en bostad.<\/p>\n<p>Nu har regeringen lagt fram en proposition som enligt vissa hyresg\u00e4strepresentanter inneb\u00e4r ett dr\u00e5pslag mot m\u00e5nga av de cirka 3 miljoner hyresg\u00e4ster som finns i Sverige.<\/p>\n<p>S\u00e4rskilt p\u00e5 tillv\u00e4xtorter riskerar hyrorna att \u00f6ka 50 % inom fem \u00e5r, menar man. Samtidigt som man ger skattel\u00e4ttnader f\u00f6r villa-, och bostadsr\u00e4tts\u00e4gare s\u00e5 marknadsuts\u00e4tter regeringen hyresbostadsmarknaden. V\u00e4rst drabbas sj\u00e4lvklart alla med redan l\u00e5ga inkomster s\u00e5som pension\u00e4rer, ensamst\u00e5ende f\u00f6r\u00e4ldrar och andra hush\u00e5ll med en inkomst.<\/p>\n<p>En 50-procentig hyresh\u00f6jning inneb\u00e4r f\u00f6r en genomsnittlig tv\u00e5a en h\u00f6jning p\u00e5 omkring 2500 kronor per m\u00e5nad. Det \u00e4r mer \u00e4n nog f\u00f6r att sl\u00e5 ut dem som redan ligger p\u00e5 marginalen.<\/p>\n<p>Att regeringen verkar anta att hyresniv\u00e5erna \u00f6kar \u00e4r tydligt d\u00e5 man inf\u00f6r en skyddsregel s\u00e5 att \u00f6kningarna inte f\u00e5r bli mer \u00e4n 8-9 procent per \u00e5r. Det ska man kanske vara glad f\u00f6r s\u00e5 att folk hinner flytta i tid och hitta \u00e4nnu tr\u00e4ngre bost\u00e4der. Det \u00e4r ju knappast s\u00e5 att de som tvingas flytta bor i lyx idag, tv\u00e4rtom.<\/p>\n<p>Visst \u00e4r det roligt f\u00f6r alla som f\u00e5tt skattel\u00e4ttnad under de senaste \u00e5ren men varf\u00f6r inte ge det till alla s\u00e5 kanske fler klarar sin bostadskostnad. Det verkar som om regeringen har utsett alla hush\u00e5ll med l\u00e5ga inkomster, s\u00e4rskilt alla utan anst\u00e4llning, till syndabockar som ska betala kalaset.<\/p>\n<p>Samtidigt m\u00e5nar regeringen om individens frihet. Det \u00e4r som jag ser det hyckleri. Det \u00e4r inte individens frihet man menar utan de som har anst\u00e4llning eller \u00e4ger tillr\u00e4ckligt med kapital. Det finns uppenbarligen vissa som ska f\u00e5 vara mer fria \u00e4n andra. \u00d6vriga ska vara solidariska med dem som innefattas av denna frihet och st\u00f6tta dem genom sina skatter n\u00e4r finanskrascher uppst\u00e5r, eller genom att utan klagan, infinna sig p\u00e5 sina arbetsmarknads-politiska \u00e5tg\u00e4rder med villkor med anor fr\u00e5n 1800-talet.<\/p>\n<p align=\"right\">\u00a0Henrik Lund<\/p>\n","protected":false},"excerpt":{"rendered":"<p>S\u00e5 \u00e4r d\u00e5 \u00e4nnu en sommar h\u00e4r. En sommar lika vacker som alla tidigare \u00e5r. Med en otrolig precision visar naturen varje \u00e5r sina krafter genom bladen p\u00e5 tr\u00e4den, ungarna i gryten och f\u00e5gelungarna som l\u00e4r sig flyga. Naturen st\u00e5r f\u00f6r en trygghet, som f\u00f6r oss m\u00e4nniskor kan bli dubbelbottnad.[&#8230;]<\/p>\n","protected":false},"author":3,"featured_media":0,"comment_status":"closed","ping_status":"closed","sticky":false,"template":"","format":"standard","meta":{"footnotes":""},"categories":[17],"tags":[],"class_list":["post-1386","post","type-post","status-publish","format-standard","hentry","category-ledare"],"_links":{"self":[{"href":"https:\/\/www.visionbalans.se\/index.php?rest_route=\/wp\/v2\/posts\/1386","targetHints":{"allow":["GET"]}}],"collection":[{"href":"https:\/\/www.visionbalans.se\/index.php?rest_route=\/wp\/v2\/posts"}],"about":[{"href":"https:\/\/www.visionbalans.se\/index.php?rest_route=\/wp\/v2\/types\/post"}],"author":[{"embeddable":true,"href":"https:\/\/www.visionbalans.se\/index.php?rest_route=\/wp\/v2\/users\/3"}],"replies":[{"embeddable":true,"href":"https:\/\/www.visionbalans.se\/index.php?rest_route=%2Fwp%2Fv2%2Fcomments&post=1386"}],"version-history":[{"count":0,"href":"https:\/\/www.visionbalans.se\/index.php?rest_route=\/wp\/v2\/posts\/1386\/revisions"}],"wp:attachment":[{"href":"https:\/\/www.visionbalans.se\/index.php?rest_route=%2Fwp%2Fv2%2Fmedia&parent=1386"}],"wp:term":[{"taxonomy":"category","embeddable":true,"href":"https:\/\/www.visionbalans.se\/index.php?rest_route=%2Fwp%2Fv2%2Fcategories&post=1386"},{"taxonomy":"post_tag","embeddable":true,"href":"https:\/\/www.visionbalans.se\/index.php?rest_route=%2Fwp%2Fv2%2Ftags&post=1386"}],"curies":[{"name":"wp","href":"https:\/\/api.w.org\/{rel}","templated":true}]}}