{"id":1390,"date":"2010-01-01T11:12:44","date_gmt":"2010-01-01T10:12:44","guid":{"rendered":"http:\/\/www.visionbalans.se\/?p=1390"},"modified":"2010-01-01T11:12:44","modified_gmt":"2010-01-01T10:12:44","slug":"ledare-nr-1-2010","status":"publish","type":"post","link":"https:\/\/www.visionbalans.se\/?p=1390","title":{"rendered":"Ledare nr 1 2010"},"content":{"rendered":"<p>Framtidstro \u2013 ett ord som m\u00e5nga i v\u00e5ra intressegrupper inte f\u00e5r m\u00f6jlighet att anv\u00e4nda sig av s\u00e5 ofta. Det ska vi \u00e4ndra p\u00e5. Ju fler som kommer med oss, desto fler kommer att uppt\u00e4cka vad det inneb\u00e4r att jobba f\u00f6r en gemensam positiv utveckling f\u00f6r alla. SALO har funnits i fem \u00e5r och sakta men s\u00e4kert har vi nu kommit till en situation d\u00e4r vi har kommit ig\u00e5ng med en utvecklingsprocess som ger framtidstro.<\/p>\n<p>Vi har nu ett rikskansli med engagerade m\u00e4nniskor som brinner f\u00f6r att serva medlemmarna och skapa verksamhet som kan ge riktiga anst\u00e4llningar. Ett exempel \u00e4r den h\u00e4r tidskriften du h\u00e5ller i handen. Den \u00e4r t\u00e4nkt att ta upp en l\u00e5ng rad av saker som \u00e4r intressanta f\u00f6r v\u00e5ra intressegrupper. Allt fr\u00e5n djupanalyser av samh\u00e4llsfr\u00e5gor till exempel p\u00e5 recept p\u00e5 mat f\u00f6r en tunn pl\u00e5nbok.<\/p>\n<p>Jag \u00e4r djupt imponerad av det arbete som alla p\u00e5 kansliet l\u00e4gger ned p\u00e5 att organisera administrationen och v\u00e5ra id\u00e9er om att skapa kooperativ verksamhet och initiera projekt f\u00f6r att visa p\u00e5 goda exempel p\u00e5 hur nya arbetstillf\u00e4llen kan skapas. Vi vill komma i kontakt med personer som \u00e4r intresserade av att starta lokalkontor p\u00e5 andra orter och samtidigt ge sig sj\u00e4lv f\u00f6ruts\u00e4ttningar f\u00f6r utveckling.<\/p>\n<p><!--more--><\/p>\n<p>Inf\u00f6r framtiden m\u00e5ste vi l\u00e4ra oss att ta \u00e4nnu mer plats f\u00f6r att p\u00e5verka, b\u00e5de i kontakt med myndigheter och med media. Samtidigt \u00e4r det avg\u00f6rande att vara professionell i alla situationer f\u00f6r att skapa legitimitet och respekt. G\u00f6r vi inte det g\u00f6r vi samma fel som dem vi kritiserar.<\/p>\n<p>Genom ett t\u00e5lmodigt professionellt arbete har vi genom \u00e5ren blivit accepterade som en trov\u00e4rdig organisation bland dem vi haft kontakt med. En organisation som h\u00e4vdar v\u00e5ra intressegruppers r\u00e4tt.<\/p>\n<p>SALO har m\u00e5nga sp\u00e4nnande utmaningar att ta sig an. F\u00f6rs\u00e4mringarna i a-kassan, vansinniga utf\u00f6rs\u00e4kringar ur socialf\u00f6rs\u00e4kringssystemet, deltidsarbetande som enbart har r\u00e4tt till 75 dagar a-kassa f\u00f6r att fylla upp till heltid.<\/p>\n<p>Dessutom har vi ett digert arbete f\u00f6r att visa vad det egentligen \u00e4r som skapar arbetsl\u00f6shet i grunden.<\/p>\n<p>Det \u00e4r m\u00e5nga br\u00e4nnande fr\u00e5gor inf\u00f6r stundande val i h\u00f6st. Den mest intressanta fr\u00e5gan som v\u00e4ljarna och riksdagen har att fundera p\u00e5 \u00e4r kanske om det ska vara okay att en del av befolkningen st\u00e5r utanf\u00f6r tryggheten medan en del har full trygghet. Det intressanta \u00e4r att den del som har full trygghet blir mindre och mindre.<\/p>\n<p>En annan viktig fr\u00e5ga \u00e4r n\u00e4r politiker och tj\u00e4nstem\u00e4n ska f\u00f6rst\u00e5 att f\u00e4rre sjukskrivna inte betyder fler friska. I st\u00e4llet \u00e4r det bara ett m\u00e5tt p\u00e5 hur m\u00e5nga som f\u00f6rsvinner ur en kolumn i statistiken. Ett exempel \u00e4r n\u00e4r F\u00f6rs\u00e4krings-kassan i pressmeddelande gick ut med att oh\u00e4lsotalet minskade med tre dagar under 2009. Eller n\u00e4r regeringen informerar om att sjukskrivningar f\u00f6r stressrelaterade symptom, exempelvis utbr\u00e4ndhet, har mer \u00e4n halverats sedan 2006.<\/p>\n<p>I en rapport fr\u00e5n G\u00f6teborgs Universitet (2009) analyseras sambandet mellan sjukn\u00e4rvaro, sjukfr\u00e5nvaro och sj\u00e4lvskattad h\u00e4lsa i den yrkesaktiva befolkningen. D\u00e4r kommer man fram till bland annat att:<\/p>\n<p>\u201dsjukfr\u00e5nvaronedg\u00e5ng beh\u00f6ver inte betyda att h\u00e4lsan f\u00f6rb\u00e4ttrats utan kan st\u00e5 f\u00f6r att sjukfr\u00e5nvaron genom olika \u00e5tg\u00e4rder pressats ned p\u00e5 sjukn\u00e4rvarons bekostnad.\u201d<\/p>\n<p>Det inneb\u00e4r i klartext att det mycket v\u00e4l kan vara s\u00e5 att folk g\u00e5r till jobbet trots att de \u00e4r sjuka. Man kan undra om det ska beh\u00f6va vara s\u00e5 i ett modernt samh\u00e4lle.<\/p>\n<p>Ska vi \u00f6ka framtidstron m\u00e5ste vi ta kommandot i debatten och arbeta f\u00f6r ett samh\u00e4lle som inte utg\u00e5r fr\u00e5n etablissemangets villkor. I st\u00e4llet ska vi ha balans mellan Arbete \u2013 Livskvalitet \u2013 Milj\u00f6.<\/p>\n<p align=\"right\">\u00a0Henrik Lund<\/p>\n","protected":false},"excerpt":{"rendered":"<p>Framtidstro \u2013 ett ord som m\u00e5nga i v\u00e5ra intressegrupper inte f\u00e5r m\u00f6jlighet att anv\u00e4nda sig av s\u00e5 ofta. Det ska vi \u00e4ndra p\u00e5. Ju fler som kommer med oss, desto fler kommer att uppt\u00e4cka vad det inneb\u00e4r att jobba f\u00f6r en gemensam positiv utveckling f\u00f6r alla. SALO har funnits i[&#8230;]<\/p>\n","protected":false},"author":3,"featured_media":0,"comment_status":"closed","ping_status":"closed","sticky":false,"template":"","format":"standard","meta":{"footnotes":""},"categories":[17],"tags":[],"class_list":["post-1390","post","type-post","status-publish","format-standard","hentry","category-ledare"],"_links":{"self":[{"href":"https:\/\/www.visionbalans.se\/index.php?rest_route=\/wp\/v2\/posts\/1390","targetHints":{"allow":["GET"]}}],"collection":[{"href":"https:\/\/www.visionbalans.se\/index.php?rest_route=\/wp\/v2\/posts"}],"about":[{"href":"https:\/\/www.visionbalans.se\/index.php?rest_route=\/wp\/v2\/types\/post"}],"author":[{"embeddable":true,"href":"https:\/\/www.visionbalans.se\/index.php?rest_route=\/wp\/v2\/users\/3"}],"replies":[{"embeddable":true,"href":"https:\/\/www.visionbalans.se\/index.php?rest_route=%2Fwp%2Fv2%2Fcomments&post=1390"}],"version-history":[{"count":0,"href":"https:\/\/www.visionbalans.se\/index.php?rest_route=\/wp\/v2\/posts\/1390\/revisions"}],"wp:attachment":[{"href":"https:\/\/www.visionbalans.se\/index.php?rest_route=%2Fwp%2Fv2%2Fmedia&parent=1390"}],"wp:term":[{"taxonomy":"category","embeddable":true,"href":"https:\/\/www.visionbalans.se\/index.php?rest_route=%2Fwp%2Fv2%2Fcategories&post=1390"},{"taxonomy":"post_tag","embeddable":true,"href":"https:\/\/www.visionbalans.se\/index.php?rest_route=%2Fwp%2Fv2%2Ftags&post=1390"}],"curies":[{"name":"wp","href":"https:\/\/api.w.org\/{rel}","templated":true}]}}