{"id":1397,"date":"2014-08-26T09:07:12","date_gmt":"2014-08-26T07:07:12","guid":{"rendered":"http:\/\/www.visionbalans.se\/?p=1397"},"modified":"2014-08-26T09:07:12","modified_gmt":"2014-08-26T07:07:12","slug":"ledare-nr-3-2014","status":"publish","type":"post","link":"https:\/\/www.visionbalans.se\/?p=1397","title":{"rendered":"Ledare nr 3 2014"},"content":{"rendered":"<p>Ledare nr 3 2014<\/p>\n<p>Under maj-juni genomf\u00f6rde Saco-f\u00f6rbundet SSR en enk\u00e4tunders\u00f6kning bland sina medlemmar p\u00e5 arbetsf\u00f6rmedlingen. anser 90 % av f\u00f6rmedlarna p\u00e5 arbetsf\u00f6rmedlingen att de har f\u00f6r h\u00f6g arbetsbelastning. 3000 Saco-medlemmar motsvarande 70 % svarade p\u00e5 fr\u00e5gorna.<\/p>\n<p>En f\u00f6rmedlare som Ekoredaktionen p\u00e5 Sveriges Radio talat med anser att arbetsb\u00f6rdan blivit tyngre de senaste \u00e5ren. Heml\u00f6shet, drogproblematik och psykiska diagnoser har \u00f6kat bland de s\u00f6kande.<\/p>\n<p>Jobbf\u00f6rmedlandet kommer p\u00e5 efterk\u00e4lken.<\/p>\n<p>Ca 50 % anger att den psykosociala arbetsmilj\u00f6n har f\u00f6rs\u00e4mrats det senaste \u00e5ret vilket naturligtvis \u00e4r en f\u00f6ljd av \u00f6kad arbetsbelastning och d\u00e5lig kontroll i arbetssituationen.<\/p>\n<p>Generaldirekt\u00f6r Mikael Sj\u00f6berg s\u00e4ger till Ekot att han \u00e4r bekymrad och det borde han vara. Han \u00e4r chef p\u00e5 en myndighet som har det s\u00e4msta f\u00f6rtroendet av alla fr\u00e5n medborgarna. Arbets-f\u00f6rmedlingen misslyckas dessutom med det mesta de g\u00f6r f\u00f6r l\u00e5ngtidsarbetsl\u00f6sa d\u00e5 man fokuserar p\u00e5 att disciplinera och kontrollera folk in absurdum i st\u00e4llet f\u00f6r att fokusera p\u00e5 att f\u00f6rmedla arbets-tillf\u00e4llen. En konsekvens av att regeringen skapar \u00e5tg\u00e4rder baserat p\u00e5 en cynisk m\u00e4nniskosyn.<\/p>\n<p>Arbetsmarknadsmarknadsministern Elisabeth Svantesson (M) skriver 30 juni i DN om att man vill att l\u00e5ngtidsarbetsl\u00f6sa ska f\u00e5 Matchningsanst\u00e4llningar. Dessa \u201dska bli en nyckel som kan \u00f6ppna d\u00f6rren f\u00f6r dem som i dag har sv\u00e5rare att konkurrera om jobben.\u201d\u00a0 Med hj\u00e4lp av \u201dmatchningsakt\u00f6rer\u201d som till exempel kan vara rekryteringsf\u00f6retag ska arbetss\u00f6kande rustas och matchas.<\/p>\n<p>Socialdemokraternas arbetsmarknadspolitiske talesperson Ylva Johansson v\u00e4lkomnar i Svenska Dagbladet 30 juni f\u00f6rslaget om en ny anst\u00e4llningsform. Hon ser det som att regeringen \u00e4ntligen erk\u00e4nner att fas 3 har varit ett miss-lyckande.<\/p>\n<p>&#8211; Vi s\u00e4ger att man ska ha riktiga jobb och inte vara sysselsatt f\u00f6r det leder inte till arbete, s\u00e4ger Johansson till SvD.<\/p>\n<p>Att arbetsmarknadspolitik ska str\u00e4va efter att hj\u00e4lpa folk till en anst\u00e4llning borde vara sj\u00e4lvklart. \u00c4nda sedan 1990-talet fram tills idag har olika v\u00e4nster- och h\u00f6gerregeringar h\u00e4vdat att de s\u00e4nkt arbetsl\u00f6sheten. Det har oftast skett i form av olika syssels\u00e4ttnings\u00e5tg\u00e4rder som sagts vara bra f\u00f6r individens utveckling mot att bli en god arbetstagare.<\/p>\n<p>Socialdemokratins l\u00f6sning var Aktivitetsgarantin med vuxendagis samt plusjobben som var en anst\u00e4llningsform med de s\u00e4msta m\u00f6jliga villkoren och ers\u00e4ttningarna och f\u00f6rs\u00e4mrade a-kassevillkor.<\/p>\n<p>Beredskapsavtalet, BEA, var ett flitigt anv\u00e4nt avtal som slog undan benen p\u00e5 alla branschavtal som skulle ha kunnat ge sk\u00e4liga villkor. Ett avtal som erbj\u00f6ds den arbetss\u00f6kande utan att kunna v\u00e4lja ett branschavtal i st\u00e4llet.<\/p>\n<p>Alliansen som l\u00e4nge kritiserat Socialdemokratins aktivitetsgaranti skapade Jobb- och utvecklingsgarantin med lika d\u00e5liga f\u00f6ruts\u00e4ttningar f\u00f6r individen och som gr\u00e4dde p\u00e5 moset s\u00e4nkte man ers\u00e4ttningen till 65 %. Inga vidare bra f\u00f6ruts\u00e4ttning-ar f\u00f6r att inspirera individer till att bli kreativa och ansvarsfulla personer.<\/p>\n<p>Ylva Johansson h\u00e4vdar att fas 3 varit ett \u201dgigantiskt fullskaligt experiment\u201d. Jag h\u00e4vdar att de senaste 15 \u00e5ren varit ett fullskaleexperiment med m\u00e4nniskor. Allt f\u00f6r att vinna po\u00e4ng p\u00e5 den politiska marknaden inf\u00f6r val. D\u00e4rf\u00f6r kan jag inte annat \u00e4n undra vad det egentliga syftet \u00e4r med att f\u00f6rst ta bort externa akt\u00f6rer och sedan inf\u00f6ra matchningsakt\u00f6rer. \u00c4ven om det kallas matchningsanst\u00e4llningar m\u00e5ste fr\u00e5gorna st\u00e4llas: vilka villkor och vilken ers\u00e4ttning kommer individerna att f\u00e5? Vilken roll ska AF ha? Ska de forts\u00e4tta disciplinera och kontrollera arbetss\u00f6kande eller ska de f\u00e5 ansvaret att se individens behov fr\u00e4mst? Ska individen fortfarande f\u00e5 skulden f\u00f6r sin situation eller ska AF till\u00e5tas lita p\u00e5 m\u00e4nniskor?<\/p>\n<p>Hur som helst m\u00e5ste vi inse att det \u00e4r val\u00e5r och d\u00e5 kommer det m\u00e5nga f\u00f6rslag som mer liknar tidigare aktiviteter \u00e4n n\u00e5got nytt och revolutionerande.<\/p>\n<p>Pendeln pendlar fr\u00e5n v\u00e4nster till h\u00f6ger och tillbaka igen men blir det n\u00e5gon utveckling? F\u00e5r vi ett b\u00e4ttre samh\u00e4lle? N\u00e4r b\u00e5de arbetss\u00f6kande och deras handl\u00e4ggare lider kan man undra.<\/p>\n<p>Henrik Lund<\/p>\n","protected":false},"excerpt":{"rendered":"<p>Ledare nr 3 2014 Under maj-juni genomf\u00f6rde Saco-f\u00f6rbundet SSR en enk\u00e4tunders\u00f6kning bland sina medlemmar p\u00e5 arbetsf\u00f6rmedlingen. anser 90 % av f\u00f6rmedlarna p\u00e5 arbetsf\u00f6rmedlingen att de har f\u00f6r h\u00f6g arbetsbelastning. 3000 Saco-medlemmar motsvarande 70 % svarade p\u00e5 fr\u00e5gorna. En f\u00f6rmedlare som Ekoredaktionen p\u00e5 Sveriges Radio talat med anser att arbetsb\u00f6rdan blivit[&#8230;]<\/p>\n","protected":false},"author":1,"featured_media":0,"comment_status":"closed","ping_status":"closed","sticky":false,"template":"","format":"standard","meta":{"footnotes":""},"categories":[17,9],"tags":[],"class_list":["post-1397","post","type-post","status-publish","format-standard","hentry","category-ledare","category-opinion"],"_links":{"self":[{"href":"https:\/\/www.visionbalans.se\/index.php?rest_route=\/wp\/v2\/posts\/1397","targetHints":{"allow":["GET"]}}],"collection":[{"href":"https:\/\/www.visionbalans.se\/index.php?rest_route=\/wp\/v2\/posts"}],"about":[{"href":"https:\/\/www.visionbalans.se\/index.php?rest_route=\/wp\/v2\/types\/post"}],"author":[{"embeddable":true,"href":"https:\/\/www.visionbalans.se\/index.php?rest_route=\/wp\/v2\/users\/1"}],"replies":[{"embeddable":true,"href":"https:\/\/www.visionbalans.se\/index.php?rest_route=%2Fwp%2Fv2%2Fcomments&post=1397"}],"version-history":[{"count":0,"href":"https:\/\/www.visionbalans.se\/index.php?rest_route=\/wp\/v2\/posts\/1397\/revisions"}],"wp:attachment":[{"href":"https:\/\/www.visionbalans.se\/index.php?rest_route=%2Fwp%2Fv2%2Fmedia&parent=1397"}],"wp:term":[{"taxonomy":"category","embeddable":true,"href":"https:\/\/www.visionbalans.se\/index.php?rest_route=%2Fwp%2Fv2%2Fcategories&post=1397"},{"taxonomy":"post_tag","embeddable":true,"href":"https:\/\/www.visionbalans.se\/index.php?rest_route=%2Fwp%2Fv2%2Ftags&post=1397"}],"curies":[{"name":"wp","href":"https:\/\/api.w.org\/{rel}","templated":true}]}}