{"id":1399,"date":"2014-08-26T14:03:53","date_gmt":"2014-08-26T12:03:53","guid":{"rendered":"http:\/\/www.visionbalans.se\/?p=1399"},"modified":"2023-03-05T19:57:39","modified_gmt":"2023-03-05T18:57:39","slug":"den-hycklande-samariten","status":"publish","type":"post","link":"https:\/\/www.visionbalans.se\/?p=1399","title":{"rendered":"Den hycklande samariten"},"content":{"rendered":"<div>\n<p>Den hycklande samariten<\/p>\n<p>Publicerad i Norrk\u00f6pings tidningar 140825<\/p>\n<p>&nbsp;<\/p>\n<p>\u201dMoralen kr\u00e4ver att vi tar ansvar i det h\u00e4r sammanhanget. \u00d6ppenheten \u00e4r n\u00e5got viktigt som vi ska sl\u00e5 vakt om.\u201d Det sa G\u00f6ran H\u00e4gglund i svt-intervjun 19 augusti aprop\u00e5 behovet att ta emot flyktingar som flyr sina liv. I n\u00e4sta andetag sa han det var n\u00f6dv\u00e4ndigt att \u00f6ka klyftorna f\u00f6r att \u00f6ka antalet l\u00f6nearbeten. Att ers\u00e4ttningar till arbetsl\u00f6sa och sjuka har f\u00f6rs\u00e4mrats ville han inte k\u00e4nnas vid utan h\u00e4vdade att \u201dDet ska l\u00f6na sig att anstr\u00e4nga sig extra\u201d. Hur ska sjuka anstr\u00e4nga sig f\u00f6r att f\u00e5 sin r\u00e4tt till sjukers\u00e4ttning? Med \u00f6ver 86 tusen utf\u00f6rs\u00e4krade \u00e4r det m\u00e5nga som bollats mellan f\u00f6rs\u00e4kringskassan och arbetsf\u00f6rmedlingen flera g\u00e5nger utan att f\u00e5 sin r\u00e4tt genom sjukers\u00e4ttning. Hur ska arbetsl\u00f6sa kunna anstr\u00e4nga sig n\u00e4r de stressas s\u00f6nder av systemet och den skuldbel\u00e4ggning som f\u00f6rekommer?<\/p>\n<p>\u201dJag var h\u00e4nvisad att g\u00e5 i skolan med arbetarbarnen. Hade det varit idag hade jag kunnat v\u00e4lja en skola.\u201d \u00c5terigen \u00e4r det separation framf\u00f6r integration. Forskning har visat att skolor med en blandning av barn med olika f\u00f6ruts\u00e4ttningar och bakgrund ger godare generella resultat \u00e4n segregerade skolor.<\/p>\n<p>Med H\u00e4gglunds retorik \u00e4r det inte konstigt att SD \u00f6kar sitt v\u00e4ljarst\u00f6d. Hur kan en m\u00e4nniska som h\u00e4vdar att partiets politik st\u00e5r p\u00e5 kristna v\u00e4rderangar vara s\u00e5 cynisk gentemot de egna medborgarna samtidigt som han pratar om ett moraliskt ansvar f\u00f6r flyktingar? Det \u00e4r detsamma som att tala om f\u00f6r arbetsl\u00f6sa och sjuka att de ska r\u00f6sta p\u00e5 SD. Att \u00e4lska sin n\u00e4sta s\u00e5som sig sj\u00e4lv inneb\u00e4r att inte g\u00f6ra skillnad mellan m\u00e4nniskor. \u00c4r det de s\u00e4mst st\u00e4llda som ska g\u00f6ra uppoffringarna eller de som har r\u00e5d?<\/p>\n<p>&nbsp;<\/p>\n<p>Henrik Lund<\/p>\n<p>Riksordf\u00f6rande<\/p>\n<p>Sveriges Anst\u00e4llningsl\u00f6sas Landsorganisation<\/p>\n<\/div>\n","protected":false},"excerpt":{"rendered":"<p>Den hycklande samariten Publicerad i Norrk\u00f6pings tidningar 140825 &nbsp; \u201dMoralen kr\u00e4ver att vi tar ansvar i det h\u00e4r sammanhanget. \u00d6ppenheten \u00e4r n\u00e5got viktigt som vi ska sl\u00e5 vakt om.\u201d Det sa G\u00f6ran H\u00e4gglund i svt-intervjun 19 augusti aprop\u00e5 behovet att ta emot flyktingar som flyr sina liv. I n\u00e4sta andetag[&#8230;]<\/p>\n","protected":false},"author":1,"featured_media":0,"comment_status":"closed","ping_status":"closed","sticky":false,"template":"","format":"standard","meta":{"footnotes":""},"categories":[2],"tags":[],"class_list":["post-1399","post","type-post","status-publish","format-standard","hentry","category-allmant"],"_links":{"self":[{"href":"https:\/\/www.visionbalans.se\/index.php?rest_route=\/wp\/v2\/posts\/1399","targetHints":{"allow":["GET"]}}],"collection":[{"href":"https:\/\/www.visionbalans.se\/index.php?rest_route=\/wp\/v2\/posts"}],"about":[{"href":"https:\/\/www.visionbalans.se\/index.php?rest_route=\/wp\/v2\/types\/post"}],"author":[{"embeddable":true,"href":"https:\/\/www.visionbalans.se\/index.php?rest_route=\/wp\/v2\/users\/1"}],"replies":[{"embeddable":true,"href":"https:\/\/www.visionbalans.se\/index.php?rest_route=%2Fwp%2Fv2%2Fcomments&post=1399"}],"version-history":[{"count":1,"href":"https:\/\/www.visionbalans.se\/index.php?rest_route=\/wp\/v2\/posts\/1399\/revisions"}],"predecessor-version":[{"id":1636,"href":"https:\/\/www.visionbalans.se\/index.php?rest_route=\/wp\/v2\/posts\/1399\/revisions\/1636"}],"wp:attachment":[{"href":"https:\/\/www.visionbalans.se\/index.php?rest_route=%2Fwp%2Fv2%2Fmedia&parent=1399"}],"wp:term":[{"taxonomy":"category","embeddable":true,"href":"https:\/\/www.visionbalans.se\/index.php?rest_route=%2Fwp%2Fv2%2Fcategories&post=1399"},{"taxonomy":"post_tag","embeddable":true,"href":"https:\/\/www.visionbalans.se\/index.php?rest_route=%2Fwp%2Fv2%2Ftags&post=1399"}],"curies":[{"name":"wp","href":"https:\/\/api.w.org\/{rel}","templated":true}]}}