{"id":1415,"date":"2014-09-18T10:59:35","date_gmt":"2014-09-18T08:59:35","guid":{"rendered":"http:\/\/www.visionbalans.se\/?p=1415"},"modified":"2014-09-18T10:59:35","modified_gmt":"2014-09-18T08:59:35","slug":"ledare-nr-4-2014","status":"publish","type":"post","link":"https:\/\/www.visionbalans.se\/?p=1415","title":{"rendered":"Ledare nr 4 2014"},"content":{"rendered":"<p>&lt;Publicerad i papperstidningen innan valet&gt;<\/p>\n<p>Valet \u00e4r i full g\u00e5ng och l\u00f6ftena haglar fr\u00e5n alla sidor. T\u00e4nk om det vore s\u00e5 enkelt att driva politik. D\u00e5 skulle alla \u00f6nskningar kunna tillfredsst\u00e4llas. Fr\u00e5n den heml\u00f6ses bostadssituation och ofta missbruksproblematik till kapitalistens egodrivna jakt efter bekr\u00e4ftelse genom mer pengar p\u00e5 bankkontot.<\/p>\n<p>Valet denna g\u00e5ng sker i en v\u00e4rld d\u00e4r hatet f\u00e5tt ett starkt f\u00e4ste. Fr\u00e5n svenskarnas parti med sin nazistiska v\u00e5ldspolitik \u00f6ver sverigedemokraternas \u201dlightvariant\u201d av fascism genom att \u201dbara\u201d vilja prata om invandringpolitiken och inte m\u00e4nniskorna (!?), till allianspartierna med en politik som \u00f6kar klyftorna.<\/p>\n<p>De s\u00e4tter grupper mot varandra p\u00e5 ett s\u00e4tt som i m\u00e5ngt och mycket kan j\u00e4mf\u00f6ras med tiden innan andra v\u00e4rldskriget. Om man till detta ser vad som h\u00e4nder i v\u00e5r omv\u00e4rld med v\u00e4pnade konflikter i Ukraina, Irak, Syrien med flera l\u00e4nder s\u00e5 kan vi se en gemensam n\u00e4mnare n\u00e4mligen r\u00e4dsla och hat.<\/p>\n<p>N\u00e4r en valr\u00f6relse handlar mer om att smutskasta sina motst\u00e5ndare \u00e4n att diskutera vilket samh\u00e4lle de vill skapa d\u00e5 \u00e4r det r\u00e4dslan som styr. V\u00e4ljarna blir d\u00e5 bara f\u00f6rvirrade av all skr\u00e4mselpropaganda.<\/p>\n<p>I r\u00e4dslan f\u00f6r att f\u00f6rlora sina v\u00e4ljare g\u00e5r partierna ut med l\u00f6ften i fr\u00e5gor som inte s\u00e4rskiljer dem fr\u00e5n andra partier utan f\u00f6rvirrar \u00e4nnu mer.<\/p>\n<p>Dagens Sverige lider tyv\u00e4rr av en historiel\u00f6shet som \u00e4r stor i detta avseende. Fr\u00e4mlingsfientlighet \u00e4r inget nytt fenomen. Per Svensson, journalist och f\u00f6rfattare, beskriver i sin bok Vasak\u00e4rven och j\u00e4rnr\u00f6ret en bild av hur den h\u00f6gerv\u00e5g som genomsyrar stora delar av Europa har en historia som g\u00e5r tillbaka till b\u00f6rjan av 1900-talet.<\/p>\n<p>I Sverige kunde man i slutet av 30-talet uppleva olika aktioner f\u00f6r att hindra judiska l\u00e4kare att f\u00e5 en fristad med arbetsm\u00f6jligheter i v\u00e5rt land. Dessa l\u00e4kare var tio till antalet(!). Det talades om \u201djudeinvasion\u201d vilket i dagens retorik kan \u00f6vers\u00e4ttas med musliminvasion.<\/p>\n<p>N\u00e4r politiker och journalister talar om dessa fenomen sker till slut en normalisering av spr\u00e5ket och f\u00f6rest\u00e4llningarna om fenomenen. N\u00e4r till och med v\u00e4lk\u00e4nda Svt:s program Agenda st\u00e4ller fr\u00e5gan \u201dHur mycket invandring t\u00e5l Sverige?\u201d, d\u00e5 har det g\u00e5tt l\u00e5ngt.<\/p>\n<p>N\u00e4r r\u00e4dslan r\u00e5der \u00e4r det de svaga som attackeras. Just d\u00e4rf\u00f6r att r\u00e4dda m\u00e4nniskor inte v\u00e5gar angripa den starke. Detta g\u00f6r man genom att m\u00e5la upp en illusion om hur de svaga \u00e4r och varf\u00f6r det \u00e4r fel p\u00e5 dem. D\u00e5 tar man till en skaml\u00f6s retorik som att de passar inte in eller vi m\u00e5ste beh\u00e5lla svenskheten. En svenskhet som aldrig funnits mer \u00e4n i reklammakarnas bilder f\u00f6r att f\u00e5 oss att konsumera mera.<\/p>\n<p>Ingen p\u00e5 varken h\u00f6ger eller v\u00e4nsterkanten skulle komma p\u00e5 id\u00e9n att fundera p\u00e5 vart pengarna tar v\u00e4gen som \u201dinte finns\u201d och som invandrarna beskylls f\u00f6r att kosta. Om man gjorde det skulle det snart g\u00e5 upp f\u00f6r vederb\u00f6rande att det inte \u00e4r invandrarna som kostar mest utan banker och finansmarknadens aktorer.<\/p>\n<p>Problemet \u00e4r att de inte \u00e4r lika l\u00e4tta att definiera d\u00e5 det kr\u00e4vs kunskap om alternativa s\u00e4tt att se p\u00e5 det ekonomiska systemet. Dessa \u00e4r dessutom starka med makt och legitimitet d\u00e5 vi i detta samh\u00e4lle hyllar den som \u00e4r rik p\u00e5 pengar men inte den som \u00e4r rik p\u00e5 k\u00e4rlek. Om vi inte l\u00e5ter k\u00e4rleken till det levande styra pengarna utan tv\u00e4rtom, skapas grogrunden f\u00f6r r\u00e4dsla och hat, och separation ist\u00e4llet f\u00f6r integration. Vi f\u00e5r allts\u00e5 det samh\u00e4lle vi v\u00e4ljer beroende p\u00e5 vilken k\u00e4nsla vi l\u00e5ter dominera.<\/p>\n<p>Fr\u00e5gan du beh\u00f6ver st\u00e4lla \u00e4r: Vill vi ha ett samh\u00e4lle baserat p\u00e5 k\u00e4rlek till det levande eller hat till det levande? Om du v\u00e4ljer det senare inbegriper det \u00e4ven hat gentemot dig sj\u00e4lv eftersom du \u00e4r levande.<\/p>\n<p>Alltid n\u00e4r vi v\u00e4ljer n\u00e5got, v\u00e4ljer vi bort n\u00e5got annat. Vi kan inte b\u00e5de visa k\u00e4rlek och hat till allt levande. Vi m\u00e5ste v\u00e4lja och det inneb\u00e4r ett ansvar. V\u00e4ljer vi hat inneb\u00e4r det ett ansvar f\u00f6r de konsekvenser det medf\u00f6r. Om konsekvenserna inneb\u00e4r kr\u00e4nkningar av levande varelser tvingas vi f\u00f6rr eller senare att ta ansvar f\u00f6r det. Det \u00e4r inte l\u00e4tt att leva i k\u00e4rlek men det \u00e4r \u00e4nnu sv\u00e5rare att leva i hat.<\/p>\n<p>&nbsp;<\/p>\n","protected":false},"excerpt":{"rendered":"<p>&lt;Publicerad i papperstidningen innan valet&gt; Valet \u00e4r i full g\u00e5ng och l\u00f6ftena haglar fr\u00e5n alla sidor. T\u00e4nk om det vore s\u00e5 enkelt att driva politik. D\u00e5 skulle alla \u00f6nskningar kunna tillfredsst\u00e4llas. Fr\u00e5n den heml\u00f6ses bostadssituation och ofta missbruksproblematik till kapitalistens egodrivna jakt efter bekr\u00e4ftelse genom mer pengar p\u00e5 bankkontot. Valet[&#8230;]<\/p>\n","protected":false},"author":2,"featured_media":0,"comment_status":"closed","ping_status":"closed","sticky":false,"template":"","format":"standard","meta":{"footnotes":""},"categories":[17],"tags":[],"class_list":["post-1415","post","type-post","status-publish","format-standard","hentry","category-ledare"],"_links":{"self":[{"href":"https:\/\/www.visionbalans.se\/index.php?rest_route=\/wp\/v2\/posts\/1415","targetHints":{"allow":["GET"]}}],"collection":[{"href":"https:\/\/www.visionbalans.se\/index.php?rest_route=\/wp\/v2\/posts"}],"about":[{"href":"https:\/\/www.visionbalans.se\/index.php?rest_route=\/wp\/v2\/types\/post"}],"author":[{"embeddable":true,"href":"https:\/\/www.visionbalans.se\/index.php?rest_route=\/wp\/v2\/users\/2"}],"replies":[{"embeddable":true,"href":"https:\/\/www.visionbalans.se\/index.php?rest_route=%2Fwp%2Fv2%2Fcomments&post=1415"}],"version-history":[{"count":0,"href":"https:\/\/www.visionbalans.se\/index.php?rest_route=\/wp\/v2\/posts\/1415\/revisions"}],"wp:attachment":[{"href":"https:\/\/www.visionbalans.se\/index.php?rest_route=%2Fwp%2Fv2%2Fmedia&parent=1415"}],"wp:term":[{"taxonomy":"category","embeddable":true,"href":"https:\/\/www.visionbalans.se\/index.php?rest_route=%2Fwp%2Fv2%2Fcategories&post=1415"},{"taxonomy":"post_tag","embeddable":true,"href":"https:\/\/www.visionbalans.se\/index.php?rest_route=%2Fwp%2Fv2%2Ftags&post=1415"}],"curies":[{"name":"wp","href":"https:\/\/api.w.org\/{rel}","templated":true}]}}