{"id":1442,"date":"2014-12-23T10:49:39","date_gmt":"2014-12-23T09:49:39","guid":{"rendered":"http:\/\/www.visionbalans.se\/?p=1442"},"modified":"2014-12-23T10:49:39","modified_gmt":"2014-12-23T09:49:39","slug":"riksdagen-tummelplats-for-forsmadda-ledare-nr-6-2014","status":"publish","type":"post","link":"https:\/\/www.visionbalans.se\/?p=1442","title":{"rendered":"Riksdagen &#8211; tummelplats f\u00f6r f\u00f6rsm\u00e5dda Ledare nr 6 2014"},"content":{"rendered":"<p>Riksdagen har blivit en tummelplats f\u00f6r de f\u00f6rsm\u00e5dda. SD har \u00e4ntligen kommit ut ur garderoben och talar klarspr\u00e5k. Deras huvudsakliga m\u00e5l \u00e4r att begr\u00e4nsa invandringen s\u00e4ger de. De lovar att r\u00f6sta ned varje budgetproposition som inte st\u00e5r bakom deras krav n\u00e4r det g\u00e4ller invandringen.<\/p>\n<p>Samtidigt angriper SD:s Bj\u00f6rn S\u00f6der, 2:e vice talman, grupper som redan sedan l\u00e4nge bor i landet. Samer judar och araber diskuteras ur perspektiv som f\u00f6r tanken till 1930-talets Tyskland. S\u00f6der h\u00e4vdar att folkens och staternas gr\u00e4nser b\u00f6r \u00f6verensst\u00e4mma. Det \u00e4r en sak att s\u00e4ga det n\u00e4r SD inte kan p\u00e5verka gr\u00e4nserna men vad h\u00e4nder om de skulle f\u00e5 majoritet? \u00c4r det d\u00e5 dags f\u00f6r samerna, judarna och araberna att visas p\u00e5 d\u00f6rren? \u00c4r det vad svenska folket vill? L\u00e4rde vi oss inget under den period d\u00e5 rasbiologin styrde den svenska vetenskapen?<\/p>\n<p>Anna Kinberg Batra och \u00f6vriga alliansledare agerar som om alliansen \u00e4r ett parti och h\u00e4vdar envetet att det \u00e4r L\u00f6fvens ansvar att budgeten inte gick igenom. Det verkar mer vara ett taktikspel som gav SD medvind. Stefan L\u00f6fven gick ut och sa att det ska bli nyval n\u00e4r de f\u00f6rlorade budgetomr\u00f6stningen. S l\u00e4gger skulden p\u00e5 Alliansen f\u00f6r att inte vilja samarbeta.<\/p>\n<p>I riksdagsarbetet har protester mot Bj\u00f6rn S\u00f6der framf\u00f6rts. Rossana Dinamarca (V) sa \u201dDu \u00e4r inte min talman\u201d n\u00e4r S\u00f6der p\u00e5pekade att hon inte b\u00f6rjat sitt anf\u00f6rande med \u201dHerr Talman\u201d. Jan Lindholm (MP) fortsatte med att s\u00e4ga \u201dherr talman\u201d p\u00e5 nordsamiska. Sedan sa Karin R\u00e5gsj\u00f6 (V) Schalom herr talman. Ocks\u00e5 Pernilla St\u00e5lhammar (MP) protesterade genom att tilltala talamannen p\u00e5 romani.<\/p>\n<p>Reaktionerna har inte l\u00e5tit v\u00e4nta p\u00e5 sig. En del tycker protesterna \u00e4r bra och viktiga medan andra tycker de \u00e4r pubertala och larviga. Till Ekot uttalade S\u00f6der: &#8211; Men det \u00e4r beklagligt, man skulle kunna f\u00f6rv\u00e4nta sig lite mer av riksdagsledam\u00f6terna hur man upptr\u00e4der, vett och etikett.<\/p>\n<p>N\u00e4r man analyserar saken s\u00e5 tror jag man beh\u00f6ver backa bandet och se vad som orsakat denna s\u00e4nkning av praxismoralen oberoende av partipolitik. Allianspartierna har under m\u00e5nga \u00e5r cementerat en blockpolitik som tidigare inte var lika tydlig som nu. De har kr\u00e4vt av S, MP, V att innan val visa vilken politik man ska f\u00f6ra. Trots att vi har ett partisystem som utg\u00e5r fr\u00e5n att partierna ska g\u00e5 till val separat och sedan bilda regering utifr\u00e5n det underlag som v\u00e4ljarna ger. Genom blockpolitiserande f\u00e5r v\u00e4ljarna mindre valm\u00f6jligheter.<\/p>\n<p>N\u00e4r sedan Stefan L\u00f6fv\u00e9n blev statsminister sl\u00e4ppte allianspartierna fram honom d\u00e5 de tappat i valet. N\u00e4r man d\u00e4refter skulle r\u00f6sta p\u00e5 ett budgetf\u00f6rslag s\u00e5 s\u00e4nkte man regeringen med hj\u00e4lp av SD. Det verkade mer som en taktik f\u00f6r att f\u00e5 L\u00f6fv\u00e9n att verka regeringsoduglig.<\/p>\n<p>SD gick sedan ut och sa att de kommer r\u00f6sta ned varje budget som inte f\u00f6ljer deras politik. Ist\u00e4llet f\u00f6r att r\u00f6sta f\u00f6r regeringens budget eller l\u00e4gga ned r\u00f6sterna br\u00f6t allts\u00e5 alliansen och SD den praxis som funnits i m\u00e5nga \u00e5r.<\/p>\n<p>N\u00e4r Bj\u00f6rn S\u00f6der h\u00e4vdar att praxis kr\u00e4nks n\u00e4r han inte blir kallad talman blir det mots\u00e4gelsefullt d\u00e5 hans eget parti kr\u00e4nkte praxis genom att r\u00f6sta bort regeringens budget. Man kan undra vilket som \u00e4r v\u00e4rst.<\/p>\n<p>S\u00f6ders och SD:s resonemang om svenskhet i st\u00e4llet f\u00f6r medborgarskap blir patetiskt och ot\u00e4ckt, den f\u00f6r tankarna till 30-talet. Deras taktik \u00e4r att h\u00e4rska genom s\u00f6ndring. De kommer inte ge sig f\u00f6rr\u00e4n de f\u00e5tt igenom sina id\u00e9er. Idag \u00e4r det ett relativt sn\u00e4llt och harml\u00f6st parti men v\u00e4nta tills de har f\u00e5tt makten. D\u00e5 sitter alla som de inte tycker har samma \u00e5sikt som dem l\u00f6st. Vilken straffskala vill de inf\u00f6ra f\u00f6r dessa brott mot sin \u201dpraxis\u201d m\u00e5ntro?<\/p>\n<p>N\u00e4r taktik fokuseras framf\u00f6r visionen om vilket samh\u00e4lle man vill ha, d\u00e5 blir det kaos.<\/p>\n<p>V\u00e4lj K\u00e4rleken framf\u00f6r R\u00e4dsla!<\/p>\n<p>God Jul och Gott Nytt \u00c5r!<\/p>\n<p>Henrik Lund<\/p>\n","protected":false},"excerpt":{"rendered":"<p>Riksdagen har blivit en tummelplats f\u00f6r de f\u00f6rsm\u00e5dda. SD har \u00e4ntligen kommit ut ur garderoben och talar klarspr\u00e5k. Deras huvudsakliga m\u00e5l \u00e4r att begr\u00e4nsa invandringen s\u00e4ger de. De lovar att r\u00f6sta ned varje budgetproposition som inte st\u00e5r bakom deras krav n\u00e4r det g\u00e4ller invandringen. Samtidigt angriper SD:s Bj\u00f6rn S\u00f6der, 2:e[&#8230;]<\/p>\n","protected":false},"author":2,"featured_media":0,"comment_status":"closed","ping_status":"closed","sticky":false,"template":"","format":"standard","meta":{"footnotes":""},"categories":[17,9],"tags":[136],"class_list":["post-1442","post","type-post","status-publish","format-standard","hentry","category-ledare","category-opinion","tag-ledare"],"_links":{"self":[{"href":"https:\/\/www.visionbalans.se\/index.php?rest_route=\/wp\/v2\/posts\/1442","targetHints":{"allow":["GET"]}}],"collection":[{"href":"https:\/\/www.visionbalans.se\/index.php?rest_route=\/wp\/v2\/posts"}],"about":[{"href":"https:\/\/www.visionbalans.se\/index.php?rest_route=\/wp\/v2\/types\/post"}],"author":[{"embeddable":true,"href":"https:\/\/www.visionbalans.se\/index.php?rest_route=\/wp\/v2\/users\/2"}],"replies":[{"embeddable":true,"href":"https:\/\/www.visionbalans.se\/index.php?rest_route=%2Fwp%2Fv2%2Fcomments&post=1442"}],"version-history":[{"count":0,"href":"https:\/\/www.visionbalans.se\/index.php?rest_route=\/wp\/v2\/posts\/1442\/revisions"}],"wp:attachment":[{"href":"https:\/\/www.visionbalans.se\/index.php?rest_route=%2Fwp%2Fv2%2Fmedia&parent=1442"}],"wp:term":[{"taxonomy":"category","embeddable":true,"href":"https:\/\/www.visionbalans.se\/index.php?rest_route=%2Fwp%2Fv2%2Fcategories&post=1442"},{"taxonomy":"post_tag","embeddable":true,"href":"https:\/\/www.visionbalans.se\/index.php?rest_route=%2Fwp%2Fv2%2Ftags&post=1442"}],"curies":[{"name":"wp","href":"https:\/\/api.w.org\/{rel}","templated":true}]}}