{"id":21,"date":"2008-09-20T11:50:45","date_gmt":"2008-09-20T09:50:45","guid":{"rendered":"http:\/\/www.anstallningslos.se\/hlund\/?p=21"},"modified":"2008-09-20T11:50:45","modified_gmt":"2008-09-20T09:50:45","slug":"veckans-citat","status":"publish","type":"post","link":"https:\/\/www.visionbalans.se\/?p=21","title":{"rendered":"Veckans citat"},"content":{"rendered":"<p>L\u00e4ste Lars Lindstr\u00f6ms kr\u00f6nika i <a href=\"http:\/\/www.expressen.se\/kronikorer\/larslindstrom\/1.1304901\/lars-lindstrom-jag-har-fatt-nog-nu-hoppar-jag-av\" target=\"_blank\" rel=\"noopener noreferrer\">Expressen <\/a>\u00a0aprop\u00e5 de ekonomiska pandemierna. Nedan ett citat som s\u00e4ger allt:<\/p>\n<blockquote><p><em>\u201dN\u00e4r kapitalismen och den ot\u00e4mjda konsumtions- och tillv\u00e4xtideologin maniskt f\u00e5r rasa fritt drabbas den s\u00e5 sm\u00e5ningom av den depression som alltid kommer. D\u00e5 sjukskriver den sig. D\u00e5 vill den bara ligga och vila och vara i fred och f\u00e5 sjukpenning fr\u00e5n staten.\u201d<\/em><\/p><\/blockquote>\n<p>Med denna sjukdomsinsikt \u00e4r det dags att ifr\u00e5gas\u00e4tta varf\u00f6r vi accepterar den klassiska ekonomin. L\u00e4s g\u00e4rna \u00e4ven Maria-Pia Bo\u00ebtius artikel <a href=\"http:\/\/etc.se\/artikel\/18419\/en-tystad-analys?print=1\" target=\"_blank\" rel=\"noopener noreferrer\">En tystad analys <\/a>p\u00e5 ETC.se<\/p>\n","protected":false},"excerpt":{"rendered":"<p>L\u00e4ste Lars Lindstr\u00f6ms kr\u00f6nika i Expressen \u00a0aprop\u00e5 de ekonomiska pandemierna. Nedan ett citat som s\u00e4ger allt: \u201dN\u00e4r kapitalismen och den ot\u00e4mjda konsumtions- och tillv\u00e4xtideologin maniskt f\u00e5r rasa fritt drabbas den s\u00e5 sm\u00e5ningom av den depression som alltid kommer. D\u00e5 sjukskriver den sig. D\u00e5 vill den bara ligga och vila och[&#8230;]<\/p>\n","protected":false},"author":2,"featured_media":0,"comment_status":"open","ping_status":"open","sticky":false,"template":"","format":"standard","meta":{"footnotes":""},"categories":[9],"tags":[],"class_list":["post-21","post","type-post","status-publish","format-standard","hentry","category-opinion"],"_links":{"self":[{"href":"https:\/\/www.visionbalans.se\/index.php?rest_route=\/wp\/v2\/posts\/21","targetHints":{"allow":["GET"]}}],"collection":[{"href":"https:\/\/www.visionbalans.se\/index.php?rest_route=\/wp\/v2\/posts"}],"about":[{"href":"https:\/\/www.visionbalans.se\/index.php?rest_route=\/wp\/v2\/types\/post"}],"author":[{"embeddable":true,"href":"https:\/\/www.visionbalans.se\/index.php?rest_route=\/wp\/v2\/users\/2"}],"replies":[{"embeddable":true,"href":"https:\/\/www.visionbalans.se\/index.php?rest_route=%2Fwp%2Fv2%2Fcomments&post=21"}],"version-history":[{"count":0,"href":"https:\/\/www.visionbalans.se\/index.php?rest_route=\/wp\/v2\/posts\/21\/revisions"}],"wp:attachment":[{"href":"https:\/\/www.visionbalans.se\/index.php?rest_route=%2Fwp%2Fv2%2Fmedia&parent=21"}],"wp:term":[{"taxonomy":"category","embeddable":true,"href":"https:\/\/www.visionbalans.se\/index.php?rest_route=%2Fwp%2Fv2%2Fcategories&post=21"},{"taxonomy":"post_tag","embeddable":true,"href":"https:\/\/www.visionbalans.se\/index.php?rest_route=%2Fwp%2Fv2%2Ftags&post=21"}],"curies":[{"name":"wp","href":"https:\/\/api.w.org\/{rel}","templated":true}]}}