{"id":301,"date":"2012-06-24T16:48:32","date_gmt":"2012-06-24T14:48:32","guid":{"rendered":"http:\/\/www.anstallningslos.se\/hlund\/?p=301"},"modified":"2012-06-24T16:48:32","modified_gmt":"2012-06-24T14:48:32","slug":"socialisterna-lar-sig-aldrig","status":"publish","type":"post","link":"https:\/\/www.visionbalans.se\/?p=301","title":{"rendered":"Socialisterna l\u00e4r sig aldrig"},"content":{"rendered":"<p>Socialister i Frankrike \u00e4r EUforiska f\u00f6r att fransm\u00e4nnen gett Hollande mandat f\u00f6r tillv\u00e4xt.<img loading=\"lazy\" decoding=\"async\" class=\"alignright\" title=\"\" src=\"http:\/\/www.pes.eu\/sites\/www.pes.org\/files\/imagecache\/full\/images\/french-legislative-elections.jpg\" alt=\"\" width=\"319\" height=\"348\" \/><\/p>\n<p><a href=\"http:\/\/www.pes.eu\/en\/news\/france-gives-hollande-mandate-growth?\">France gives Hollande a mandate for growth | PES<\/a>.<\/p>\n<blockquote><p>2012-06-18: Party of European Socialists, PES, President <strong>Sergei Stanishev<\/strong> konstaterar: \u201cToday, Hollande\u2019s reform agenda has taken a great step forward. The strong results of this poll show that our progressive alternative to Conservative fiscal policies has the support of the people. French citizens have chosen a vision for France based on social justice and solidarity. The PS has won a key battle in France and now the fight must continue in Europe\u201d. He added that; \u201cthis is a victory of values. <strong>France has given Hollande a mandate for growth,<\/strong> a vote of confidence that can redefine the direction of the European Union in the next five years. If we want to defend our welfare state, if we want to achieve a sustainable, fair economy, action is needed now. The French citizens have spoken: it is time for Europe to listen\u201d.<\/p><\/blockquote>\n<p>Det \u00e4r en v\u00e4rdeseger s\u00e4ger han. &#8211; Frankrike har gett Hollande mandat f\u00f6r tillv\u00e4xt, en f\u00f6rtroendeomr\u00f6stning som kan omdefiniera riktningen inom\u00a0Europeiska unionen under de kommande fem \u00e5ren. Om vi vill f\u00f6rsvara v\u00e5r v\u00e4lf\u00e4rdsstat, om vi vill uppn\u00e5 en h\u00e5llbar, r\u00e4ttvis ekonomi, beh\u00f6vs \u00e5tg\u00e4rder nu.<\/p>\n<p>Jag h\u00e4pnar inf\u00f6r den okunnighet (eller nonchalans) om vad det \u00e4r som ligger till grund f\u00f6r den ekonomiska krisen bland europas (och v\u00e4rldens) ledare. N\u00e4r det kommer till kritan s\u00e5 blir det tyv\u00e4rr inte s\u00e5 stor skillnad mellan socialism och konservativism. De kommer forts\u00e4tta tvingas spara i offentlig verksamhet, se bara p\u00e5 Greklands sparpaket, och konkurrensen kommer forts\u00e4tta tvinga produktion till de billigaste l\u00e4nderna. Folken kommer tvingas flytta dit l\u00f6nearbetet finns i den fria r\u00f6rlighetens anda.<\/p>\n<p>N\u00e4r ska folk b\u00f6rja se likheterna mellan v\u00e4nster och h\u00f6ger i st\u00e4llet f\u00f6r att stirra sig blind p\u00e5 om det ska vara privat eller offentligt \u00e4gande?! B\u00e5da bek\u00e4nner sig till tillv\u00e4xtekonomin\/skuldekonomin\/r\u00e4nteekonomin. B\u00e5da anser att m\u00e4nniskans v\u00e4rde endast kommer ur dennes l\u00f6nearbete eller \u00e4gande av kapital.<\/p>\n<p>Vi f\u00f6ds som m\u00e4nniskor och d\u00f6r som m\u00e4nniskor men d\u00e4remellan degraderas m\u00e4nniskan till arbetskraft och konsument. N\u00e4r ska vi b\u00f6rja uppgradera m\u00e4nniskan till n\u00e5got mer \u00e4n bara ett medel f\u00f6r politiska och ekonomiska makthavare att f\u00f6rverkliga sig sj\u00e4lva med, p\u00e5 folkens bekostnad?!<\/p>\n<p>L\u00e4s \u00e4ven: <a title=\"S\u00e5 l\u00f6ser vi EU-krisen\" href=\"http:\/\/www.anstallningslos.se\/hlund\/2012\/06\/19\/sa-loser-vi-eu-krisen\/\" target=\"_blank\" rel=\"noopener noreferrer\">S\u00e5 l\u00f6ser vi EU-krisen<\/a>, <a title=\"Ekonomiforskare - megafoner f\u00f6r obalans i ekonomin\" href=\"http:\/\/www.anstallningslos.se\/hlund\/2012\/06\/09\/ekonomiforskare-megafoner-for-obalans-i-ekonomin\/\" target=\"_blank\" rel=\"noopener noreferrer\">Ekonomiforskare &#8211; megafoner f\u00f6r obalans i ekonomin<\/a>, <a title=\"Girighet eller ekonomisk dysfunktion \u2013 vad \u00e4r problemet?\" href=\"http:\/\/www.anstallningslos.se\/hlund\/2011\/12\/23\/girighet-eller-ekonomisk-dysfunktion-vad-ar-problemet\/\" target=\"_blank\" rel=\"noopener noreferrer\">Girighet, eller ekonomisk dysfunktion &#8211; vad \u00e4r problemet? <\/a><\/p>\n","protected":false},"excerpt":{"rendered":"<p>Socialister i Frankrike \u00e4r EUforiska f\u00f6r att fransm\u00e4nnen gett Hollande mandat f\u00f6r tillv\u00e4xt. France gives Hollande a mandate for growth | PES. 2012-06-18: Party of European Socialists, PES, President Sergei Stanishev konstaterar: \u201cToday, Hollande\u2019s reform agenda has taken a great step forward. The strong results of this poll show that[&#8230;]<\/p>\n","protected":false},"author":2,"featured_media":0,"comment_status":"open","ping_status":"open","sticky":false,"template":"","format":"standard","meta":{"footnotes":""},"categories":[9],"tags":[67,69,84,94,105,171,175,218,240],"class_list":["post-301","post","type-post","status-publish","format-standard","hentry","category-opinion","tag-ekonomi","tag-ekonomisk-kris","tag-finanskris","tag-frankrike","tag-hollande","tag-party-of-european-socialists","tag-politik","tag-skuldekonomi","tag-tillvaxt"],"_links":{"self":[{"href":"https:\/\/www.visionbalans.se\/index.php?rest_route=\/wp\/v2\/posts\/301","targetHints":{"allow":["GET"]}}],"collection":[{"href":"https:\/\/www.visionbalans.se\/index.php?rest_route=\/wp\/v2\/posts"}],"about":[{"href":"https:\/\/www.visionbalans.se\/index.php?rest_route=\/wp\/v2\/types\/post"}],"author":[{"embeddable":true,"href":"https:\/\/www.visionbalans.se\/index.php?rest_route=\/wp\/v2\/users\/2"}],"replies":[{"embeddable":true,"href":"https:\/\/www.visionbalans.se\/index.php?rest_route=%2Fwp%2Fv2%2Fcomments&post=301"}],"version-history":[{"count":0,"href":"https:\/\/www.visionbalans.se\/index.php?rest_route=\/wp\/v2\/posts\/301\/revisions"}],"wp:attachment":[{"href":"https:\/\/www.visionbalans.se\/index.php?rest_route=%2Fwp%2Fv2%2Fmedia&parent=301"}],"wp:term":[{"taxonomy":"category","embeddable":true,"href":"https:\/\/www.visionbalans.se\/index.php?rest_route=%2Fwp%2Fv2%2Fcategories&post=301"},{"taxonomy":"post_tag","embeddable":true,"href":"https:\/\/www.visionbalans.se\/index.php?rest_route=%2Fwp%2Fv2%2Ftags&post=301"}],"curies":[{"name":"wp","href":"https:\/\/api.w.org\/{rel}","templated":true}]}}