{"id":33,"date":"2008-09-25T14:24:11","date_gmt":"2008-09-25T12:24:11","guid":{"rendered":"http:\/\/www.anstallningslos.se\/hlund\/?p=33"},"modified":"2008-09-25T14:24:11","modified_gmt":"2008-09-25T12:24:11","slug":"sakerhet-vs-trygghet","status":"publish","type":"post","link":"https:\/\/www.visionbalans.se\/?p=33","title":{"rendered":"S\u00e4kerhet vs Trygghet"},"content":{"rendered":"<p>Vi lever i en hotfull tid. \u00c5tminstone om man ska tro allt som media beskriver.\u00a0Gigantiska v\u00e4derfenomen som drar \u00f6ver hela kontinenter med kaos och d\u00f6d i sl\u00e4pt\u00e5g. Terrorhot kr\u00e4ver att vi avs\u00e4ger oss v\u00e5r integritet f\u00f6r att myndigheterna ska kunna avlyssna oss, eftersom vi alla \u00e4r potentiella terrorister i v\u00e4rldens ledares \u00f6gon. &#8221;Skolmassaker&#8221; har blivit ett begrepp efter alla vansinnesd\u00e5d av unga m\u00e4nniskor i skolor runt om i v\u00e4rlden, senast i v\u00e5rt grannland Finland. Finanskriser skakar det globala banksystemet med f\u00f6ljd att banker inte l\u00e4ngre v\u00e5gar l\u00e5na ut pengar l\u00e4ngre. Bankerna litar inte p\u00e5 att det finns &#8221;s\u00e4kerheter&#8221; som t\u00e4cker upp l\u00e5nen i tillr\u00e4cklig utstr\u00e4ckning.<\/p>\n<p>Politiker g\u00e5r till val p\u00e5 att s\u00e4ga att man ska g\u00f6ra det s\u00e4kert f\u00f6r m\u00e4nniskor att leva i sitt land. V\u00e5rt st\u00f6rsta v\u00e4stland som utropat sig till v\u00e4rldspolis, har Dwight Eisenhowers ord ringande i \u00f6ronen &#8211;<\/p>\n<blockquote><p>&#8221;Vi ska ha fred &#8211; om vi s\u00e5 ska sl\u00e5ss f\u00f6r den&#8221;.<\/p><\/blockquote>\n<p>S\u00e4kerhet ska vi ha till vilket pris som helst f\u00f6r annars g\u00e5r tryggheten vilse! Sedan l\u00e4ser jag en vers av en ok\u00e4nd poet:<\/p>\n<blockquote><p>&#8221;Trygghet \u00e4r att g\u00e5 vilse utan att tappa bort sig.&#8221;<\/p><\/blockquote>\n<p>V\u00e5r f\u00f6rest\u00e4llning om att s\u00e4kerheten \u00e4r trygghetens ledsagare visar sig vara helt fel. S\u00e4kerheten \u00e4r r\u00e4dslans ledsagare. R\u00e4dslan f\u00f6r att inte h\u00f6ra till, att inte tj\u00e4na pengar tillr\u00e4ckligt, att inte bli k\u00e4ndis, att inte hinna med, att vara annorlunda, att inte ha kontroll. R\u00e4dslan f\u00f6r v\u00e5ld och ond br\u00e5d d\u00f6d. R\u00e4dslan f\u00f6r att leva.<\/p>\n<p>Trygghet blir d\u00e5 s\u00e4kerhetens motpol. Ju tryggare vi k\u00e4nner oss, desto mindre behov har vi av s\u00e4kerhet av olika slag. S\u00e4kerhet \u00e4r inte l\u00f6sningen n\u00e4r vi upplever oss otrygga. L\u00f6sningen \u00e4r mer trygghet. S\u00e4kerhet \u00e4r bara ett s\u00e4tt f\u00f6r en del att tj\u00e4na pengar p\u00e5 m\u00e4nniskors otrygghet.<\/p>\n<p>Trygghet \u00e4r &#8211; social trygghet, ekonomisk trygghet, tryggheten med kontinuitet i livet, tryggheten att f\u00f6rst\u00e5 och att kunna p\u00e5verka, tryggheten i att k\u00e4nna tillit, tryggheten att livet \u00e4r meningen med livet, tryggheten i att leva i nuet tillsammans med andra m\u00e4nniskor &#8211; att vila i tryggheten.<\/p>\n<p>L\u00e5t oss bygga en trygg v\u00e4rld d\u00e4r vi inte beh\u00f6ver s\u00e4kerhet. En v\u00e4rld d\u00e4r m\u00e4nniskor till\u00e5ts leva ut hela sin potential s\u00e5 l\u00e4nge den inte inkr\u00e4ktar p\u00e5 n\u00e5gon annans trygghet. L\u00e5t oss skapa ett ekonomiskt system d\u00e4r individens trygghet g\u00e5r f\u00f6re finansiella akt\u00f6rers vinstintresse. L\u00e5t oss skapa en frihet f\u00f6r alla d\u00e4r tryggheten g\u00f6r det m\u00f6jligt att hantera otrygghet.<\/p>\n<p>Ha en riktigt bra dag och kom ih\u00e5g att det du g\u00f6r f\u00f6r en medm\u00e4nniska idag, kommer tillbaka till dig en annan dag, vare sig du g\u00f6r gott eller ont. Vilket \u00f6nskar du f\u00e5 tillbaka?<\/p>\n","protected":false},"excerpt":{"rendered":"<p>Vi lever i en hotfull tid. \u00c5tminstone om man ska tro allt som media beskriver.\u00a0Gigantiska v\u00e4derfenomen som drar \u00f6ver hela kontinenter med kaos och d\u00f6d i sl\u00e4pt\u00e5g. Terrorhot kr\u00e4ver att vi avs\u00e4ger oss v\u00e5r integritet f\u00f6r att myndigheterna ska kunna avlyssna oss, eftersom vi alla \u00e4r potentiella terrorister i v\u00e4rldens[&#8230;]<\/p>\n","protected":false},"author":2,"featured_media":0,"comment_status":"open","ping_status":"open","sticky":false,"template":"","format":"standard","meta":{"footnotes":""},"categories":[9],"tags":[],"class_list":["post-33","post","type-post","status-publish","format-standard","hentry","category-opinion"],"_links":{"self":[{"href":"https:\/\/www.visionbalans.se\/index.php?rest_route=\/wp\/v2\/posts\/33","targetHints":{"allow":["GET"]}}],"collection":[{"href":"https:\/\/www.visionbalans.se\/index.php?rest_route=\/wp\/v2\/posts"}],"about":[{"href":"https:\/\/www.visionbalans.se\/index.php?rest_route=\/wp\/v2\/types\/post"}],"author":[{"embeddable":true,"href":"https:\/\/www.visionbalans.se\/index.php?rest_route=\/wp\/v2\/users\/2"}],"replies":[{"embeddable":true,"href":"https:\/\/www.visionbalans.se\/index.php?rest_route=%2Fwp%2Fv2%2Fcomments&post=33"}],"version-history":[{"count":0,"href":"https:\/\/www.visionbalans.se\/index.php?rest_route=\/wp\/v2\/posts\/33\/revisions"}],"wp:attachment":[{"href":"https:\/\/www.visionbalans.se\/index.php?rest_route=%2Fwp%2Fv2%2Fmedia&parent=33"}],"wp:term":[{"taxonomy":"category","embeddable":true,"href":"https:\/\/www.visionbalans.se\/index.php?rest_route=%2Fwp%2Fv2%2Fcategories&post=33"},{"taxonomy":"post_tag","embeddable":true,"href":"https:\/\/www.visionbalans.se\/index.php?rest_route=%2Fwp%2Fv2%2Ftags&post=33"}],"curies":[{"name":"wp","href":"https:\/\/api.w.org\/{rel}","templated":true}]}}