{"id":351,"date":"2012-07-04T14:51:38","date_gmt":"2012-07-04T12:51:38","guid":{"rendered":"http:\/\/www.anstallningslos.se\/hlund\/?p=351"},"modified":"2012-07-04T14:51:38","modified_gmt":"2012-07-04T12:51:38","slug":"arbetarpartiet-som-splittrar-folket","status":"publish","type":"post","link":"https:\/\/www.visionbalans.se\/?p=351","title":{"rendered":"Arbetarpartiet som splittrar folket"},"content":{"rendered":"<p><a href=\"http:\/\/www.henriklund.salosverige.se\/wp-content\/uploads\/2012\/07\/Fredrik_Reinfeldt_during_Stockholm_Pride_2007.jpg\"><img loading=\"lazy\" decoding=\"async\" class=\"alignright  wp-image-352\" title=\"Fredrik_Reinfeldt_during_Stockholm_Pride_2007\" src=\"http:\/\/www.henriklund.salosverige.se\/wp-content\/uploads\/2012\/07\/Fredrik_Reinfeldt_during_Stockholm_Pride_2007-200x300.jpg\" alt=\"\" width=\"264\" height=\"336\" \/><\/a>N\u00e4r stadsminister <a title=\"Reinfeldt talar i Almedalen\" href=\"http:\/\/www.svt.se\/nyheter\/sverige\/just-nu-reinfeldt-talar-i-almedalen\" target=\"_blank\" rel=\"noopener noreferrer\">Fredrik Reinfeldt talade <\/a>i Almedalen ig\u00e5r s\u00e5 upptog han\u00a0mycket tid till att tala om alla anst\u00e4llda som arbetar nattetid. Det \u00e4r j\u00e4tteviktigt att lyfta fram det arbete som g\u00f6rs n\u00e4r de flesta sover. Han po\u00e4ngterade att de flesta nattarbetare \u00e4r unga kvinnor, ofta med utl\u00e4ndsk h\u00e4rkomst. Nattarbetare \u00e4r nya moderaternas hj\u00e4ltar.<\/p>\n<p>Jag undrar n\u00e4r han ska \u00e4ngna ett tal till anst\u00e4llningsl\u00f6sa f\u00f6r deras roll i samh\u00e4llet. En roll som inflationsd\u00e4mpare, gratisarbetare, l\u00f6nes\u00e4nkare, kund i sjukv\u00e5rden o s v.<\/p>\n<p>N\u00e4r socialf\u00f6rs\u00e4kringsminister Ulf Kristersson samtidigt anser att <a title=\"Det h\u00e4r visar att det funkar\" href=\"http:\/\/www.svt.se\/nyheter\/sverige\/socialministern-det-har-visar-att-det-funkar\" target=\"_blank\" rel=\"noopener noreferrer\">socialf\u00f6rs\u00e4kringssystemet fungerar<\/a>\u00a0trots att personer som <a title=\"Marita H\u00e4ggstr\u00f6m utf\u00f6rs\u00e4kras igen - svt.se\" href=\"http:\/\/www.svt.se\/nyheter\/sverige\/marita-haggstrom-utforsakras-igen\" target=\"_blank\" rel=\"noopener noreferrer\">Marita H\u00e4ggstr\u00f6m <\/a>utf\u00f6rs\u00e4kras f\u00f6r andra g\u00e5ngen p\u00e5 grund av de nya reglerna, d\u00e5 m\u00e5ste man fundera \u00f6ver vad Reinfeldts budskap egentligen signalerar.<\/p>\n<p>I retorik handlar inte allt om vad man s\u00e4ger utan \u00e4ven det man inte s\u00e4ger. Den arbetslinje som Reinfeldt och Kristersson f\u00f6rh\u00e4rligar genom sin retorik visar samtidigt i verkligheten att det finns grava dysfunktioner i konstruktionen. \u00c5tminstone om man anser att alla m\u00e4nniskor har r\u00e4tt till ett liv i trygghet.<\/p>\n<p>Genom att inte tala om hur de ska l\u00f6sa situationen med alla sjuka som f\u00f6rlorar trygghet n\u00e4r socialf\u00f6rs\u00e4kringssystemet nu utf\u00f6rs\u00e4krar 2500 igen trots att de redan gjort en &#8221;resa&#8221; splittrar Reinfeldt befolkningen i den del som \u00e4r anst\u00e4llda och den del som \u00e4r anst\u00e4llningsl\u00f6sa. Det \u00e4r inte acceptabelt i ett solidariskt samh\u00e4lle.<\/p>\n<p>V\u00e5r produktionsapparat &#8221;producerar&#8221; m\u00e5nga sjukfall p\u00e5 grund av f\u00f6r h\u00f6g arbetsbelastning och om\u00e4nsklig arbetsmilj\u00f6, inte minst f\u00f6r alla Reinfeldts hj\u00e4ltar. Signalen har ger dem \u00e4r att de inte \u00e4r v\u00e4rda n\u00e5got om de blir sjuka p\u00e5 kuppen.<\/p>\n<p><strong>Ett lands v\u00e4lf\u00e4rd m\u00e4ts i hur v\u00e4l man tar hand om de s\u00e4mst st\u00e4llda, inte i hur duktig man \u00e4r p\u00e5 att trampa p\u00e5 dem!<\/strong><\/p>\n","protected":false},"excerpt":{"rendered":"<p>N\u00e4r stadsminister Fredrik Reinfeldt talade i Almedalen ig\u00e5r s\u00e5 upptog han\u00a0mycket tid till att tala om alla anst\u00e4llda som arbetar nattetid. Det \u00e4r j\u00e4tteviktigt att lyfta fram det arbete som g\u00f6rs n\u00e4r de flesta sover. Han po\u00e4ngterade att de flesta nattarbetare \u00e4r unga kvinnor, ofta med utl\u00e4ndsk h\u00e4rkomst. Nattarbetare \u00e4r[&#8230;]<\/p>\n","protected":false},"author":2,"featured_media":0,"comment_status":"open","ping_status":"open","sticky":false,"template":"","format":"standard","meta":{"footnotes":""},"categories":[9],"tags":[21,31,32,88,163,175,193],"class_list":["post-351","post","type-post","status-publish","format-standard","hentry","category-opinion","tag-almedalen","tag-arbetslinjen","tag-arbetsloshet","tag-forsakringskassan","tag-nattarbetare-ar-nya-moderaternas-hjaltar","tag-politik","tag-reinfeldt"],"_links":{"self":[{"href":"https:\/\/www.visionbalans.se\/index.php?rest_route=\/wp\/v2\/posts\/351","targetHints":{"allow":["GET"]}}],"collection":[{"href":"https:\/\/www.visionbalans.se\/index.php?rest_route=\/wp\/v2\/posts"}],"about":[{"href":"https:\/\/www.visionbalans.se\/index.php?rest_route=\/wp\/v2\/types\/post"}],"author":[{"embeddable":true,"href":"https:\/\/www.visionbalans.se\/index.php?rest_route=\/wp\/v2\/users\/2"}],"replies":[{"embeddable":true,"href":"https:\/\/www.visionbalans.se\/index.php?rest_route=%2Fwp%2Fv2%2Fcomments&post=351"}],"version-history":[{"count":0,"href":"https:\/\/www.visionbalans.se\/index.php?rest_route=\/wp\/v2\/posts\/351\/revisions"}],"wp:attachment":[{"href":"https:\/\/www.visionbalans.se\/index.php?rest_route=%2Fwp%2Fv2%2Fmedia&parent=351"}],"wp:term":[{"taxonomy":"category","embeddable":true,"href":"https:\/\/www.visionbalans.se\/index.php?rest_route=%2Fwp%2Fv2%2Fcategories&post=351"},{"taxonomy":"post_tag","embeddable":true,"href":"https:\/\/www.visionbalans.se\/index.php?rest_route=%2Fwp%2Fv2%2Ftags&post=351"}],"curies":[{"name":"wp","href":"https:\/\/api.w.org\/{rel}","templated":true}]}}