{"id":36,"date":"2008-09-29T22:59:11","date_gmt":"2008-09-29T20:59:11","guid":{"rendered":"http:\/\/www.anstallningslos.se\/hlund\/?p=36"},"modified":"2008-09-29T22:59:11","modified_gmt":"2008-09-29T20:59:11","slug":"hur-star-det-till-med-demokratin-i-lo-styrelsen","status":"publish","type":"post","link":"https:\/\/www.visionbalans.se\/?p=36","title":{"rendered":"Hur st\u00e5r det till med demokratin i LO-styrelsen?"},"content":{"rendered":"<p><span style=\"font-size: medium;\"><span style=\"font-size: medium;\">I dag avgick Transports f\u00f6rbundsordf\u00f6rande Per Winberg.<\/span><\/p>\n<p><span style=\"font-size: medium;\">I v\u00e5ras valdes Per Winberg fr\u00e5n Transport in i LO:s styrelse. Kongressen besl\u00f6t att krympa styrelsens ordinarie ledam\u00f6ter till \u00e5tta f\u00f6rbundsrepresentanter. Han menade att man d\u00e5 sagt att alla f\u00f6rbund skulle avst\u00e5 suppleantplatser f\u00f6r att representationen skulle vara bred \u00e4ven forts\u00e4ttningsvis. De tre st\u00f6rsta f\u00f6rbunden fick dock beh\u00e5lla alla suppleanter medan de sm\u00e5 fick dela upp platserna som blev \u00f6ver mellan sig. N\u00e4r ett litet f\u00f6rbunds representant var fr\u00e5nvarande kunde d\u00e5 en representant fr\u00e5n ett annat f\u00f6rbund tr\u00e4da in.<\/span><\/p>\n<p><span style=\"font-size: medium;\">Winberg valde d\u00e5 att bojkotta LO-styrelsens m\u00f6ten d\u00e5 han ans\u00e5g att valet inte g\u00e5tt riktigt till. I dag avgick han. Han har inte i skrivande stund inte l\u00e4mnat n\u00e5gon orsak, men det \u00e4r v\u00e4l inte helt osannolikt att det \u00e5tminstone delvis haft med styrelsens agerande att g\u00f6ra.<\/span><\/p>\n<p>Det \u00e4r s\u00e5 h\u00e4r fullkomlighetens ansikte visar sig i maktens rum. Det \u00e4r s\u00e5 l\u00e4tt att falla i maktens grepp n\u00e4r den en g\u00e5ng \u00e4r uppn\u00e5dd. D\u00e5 g\u00f6r man allt f\u00f6r att beh\u00e5lla den. Kritiker g\u00f6r man sig av med smidigt d\u00e5 demokratin \u00e5sidos\u00e4tts trots r\u00f6tterna i folkr\u00f6relsen. Detta \u00e4r tyv\u00e4rr \u00e4ven ett problem p\u00e5 l\u00e4gre niv\u00e5er inom LO.<\/p>\n<p>Nu f\u00f6rst\u00e5r jag varf\u00f6r LO \u00e4r EU-v\u00e4nlig. I EU \u00e4r det ocks\u00e5 de st\u00f6rsta som tar makten fr\u00e5n de mindre. De mindre l\u00e4nderna f\u00e5r mindre makt i relation till de stora l\u00e4nderna som inte vill sl\u00e4ppa ifr\u00e5n sig den.<\/p>\n<p>Detta speglar \u00e4ven de stora f\u00f6rbundens inst\u00e4llning till sina anst\u00e4llningsl\u00f6sa medlemmar. De struntar i dem i stort s\u00e4tt. De sm\u00e5 grupper det g\u00e4ller till\u00e5ts inte f\u00e5 makt och de orkar s\u00e4llan ta strid f\u00f6r sin r\u00e4tt.<\/p>\n<p>Jag tycker det \u00e4r f\u00f6rkastligt. Det verkar finnas en hel del lik i garderoben som beh\u00f6ver rensas ut. M\u00e5nga av &#8221;liken&#8221; \u00e4r karri\u00e4rister som har sin egen position i fokus i st\u00e4llet f\u00f6r medlemmarnas b\u00e4sta.<\/p>\n<p>Som jag ser det finns det ett par l\u00f6sningar. Antingen att folk slutar klaga framf\u00f6r tv:n och g\u00e5r med i facket f\u00f6r att rensa upp i detta karri\u00e4rtr\u00e4sk, eller ocks\u00e5 g\u00e5 ur facket och g\u00e5 med i SALO och var med och skapa en ny folkr\u00f6relse f\u00f6r balans mellan arbete, livskvalitet och milj\u00f6. Vi v\u00e4lkomnar \u00e4ven anst\u00e4llda som medlemmar d\u00e5 vi ser arbetsmarknaden ur ett helhetsperspektiv. SALO anser inte att det finns ett utanf\u00f6rskap d\u00e5 alla har samma r\u00e4tt att vara inne i samh\u00e4llet. Det \u00e4r maktfullkomlighet som skapar utanf\u00f6rskap.<\/p>\n<p><\/span><\/p>\n","protected":false},"excerpt":{"rendered":"<p>I dag avgick Transports f\u00f6rbundsordf\u00f6rande Per Winberg. I v\u00e5ras valdes Per Winberg fr\u00e5n Transport in i LO:s styrelse. Kongressen besl\u00f6t att krympa styrelsens ordinarie ledam\u00f6ter till \u00e5tta f\u00f6rbundsrepresentanter. Han menade att man d\u00e5 sagt att alla f\u00f6rbund skulle avst\u00e5 suppleantplatser f\u00f6r att representationen skulle vara bred \u00e4ven forts\u00e4ttningsvis. De tre[&#8230;]<\/p>\n","protected":false},"author":2,"featured_media":0,"comment_status":"open","ping_status":"open","sticky":false,"template":"","format":"standard","meta":{"footnotes":""},"categories":[9],"tags":[],"class_list":["post-36","post","type-post","status-publish","format-standard","hentry","category-opinion"],"_links":{"self":[{"href":"https:\/\/www.visionbalans.se\/index.php?rest_route=\/wp\/v2\/posts\/36","targetHints":{"allow":["GET"]}}],"collection":[{"href":"https:\/\/www.visionbalans.se\/index.php?rest_route=\/wp\/v2\/posts"}],"about":[{"href":"https:\/\/www.visionbalans.se\/index.php?rest_route=\/wp\/v2\/types\/post"}],"author":[{"embeddable":true,"href":"https:\/\/www.visionbalans.se\/index.php?rest_route=\/wp\/v2\/users\/2"}],"replies":[{"embeddable":true,"href":"https:\/\/www.visionbalans.se\/index.php?rest_route=%2Fwp%2Fv2%2Fcomments&post=36"}],"version-history":[{"count":0,"href":"https:\/\/www.visionbalans.se\/index.php?rest_route=\/wp\/v2\/posts\/36\/revisions"}],"wp:attachment":[{"href":"https:\/\/www.visionbalans.se\/index.php?rest_route=%2Fwp%2Fv2%2Fmedia&parent=36"}],"wp:term":[{"taxonomy":"category","embeddable":true,"href":"https:\/\/www.visionbalans.se\/index.php?rest_route=%2Fwp%2Fv2%2Fcategories&post=36"},{"taxonomy":"post_tag","embeddable":true,"href":"https:\/\/www.visionbalans.se\/index.php?rest_route=%2Fwp%2Fv2%2Ftags&post=36"}],"curies":[{"name":"wp","href":"https:\/\/api.w.org\/{rel}","templated":true}]}}