{"id":555,"date":"2012-11-20T17:08:31","date_gmt":"2012-11-20T16:08:31","guid":{"rendered":"http:\/\/www.anstallningslos.se\/hlund\/?p=555"},"modified":"2012-11-20T17:08:31","modified_gmt":"2012-11-20T16:08:31","slug":"arbetslinje-eller-byrakratilinje","status":"publish","type":"post","link":"https:\/\/www.visionbalans.se\/?p=555","title":{"rendered":"Arbetslinje eller byr\u00e5kratilinje?"},"content":{"rendered":"<p>Svt nyheter rapporterade h\u00e4rom dagen att <a title=\"Arbetsf\u00f6rmedlingen f\u00f6ljer inte reglerna\" href=\"http:\/\/www.svt.se\/nyheter\/sverige\/arbetsformedlingar-struntar-i-reglerna\" target=\"_blank\" rel=\"noopener noreferrer\">Arbetsf\u00f6rmedlingen inte f\u00f6ljer reglerna<\/a><\/p>\n<p><iframe loading=\"lazy\" src=\"http:\/\/www.svt.se\/wd?widgetId=23991&amp;sectionId=2&amp;articleId=588715&amp;type=embed&amp;contextSectionId=2&amp;autostart=false\" frameborder=\"0\" scrolling=\"no\" width=\"480\" height=\"270\"><\/iframe><\/p>\n<p>Det \u00e4r alltid lika intressant att se hur media f\u00e5r tag i en s\u00e5 kallad nyhet och g\u00f6r en s\u00e4ljande story med en rubrik som utg\u00e5r fr\u00e5n att n\u00e5gon g\u00f6r fel. Det \u00e4r synd att man inte analyserar och f\u00f6rdjupar sig i sakfr\u00e5gan innan man g\u00e5r ut med en, som i detta fall, synnerligen torftig analys som utg\u00e5r fr\u00e5n att arbetsf\u00f6rmedlingen, AF, inte f\u00f6ljer reglerna bara f\u00f6r att handl\u00e4ggarna \u00e4r &#8221;f\u00f6r sn\u00e4lla&#8221;.<\/p>\n<p>Det \u00e4r synd att man f\u00f6rmedlar en bild av att handl\u00e4ggare \u00e4r f\u00f6r &#8221;sn\u00e4lla&#8221;. Det skapar indirekt ett tryck p\u00e5 att bli &#8221;mindre sn\u00e4ll&#8221;, det vill s\u00e4ga \u00e4nnu mer byr\u00e5kratisk \u00e4n vad arbetsf\u00f6rmedlingen ofta \u00e4r. Det \u00e4r viktigt att f\u00f6rst\u00e5 att &#8221;arbetslinjen&#8221; inte \u00e4r det samma som &#8221;byr\u00e5kratilinjen&#8221;. Det kan ju faktiskt vara s\u00e5 att vissa av AF:s handl\u00e4ggare har f\u00f6rst\u00e5tt att man inte kan lyckas med sitt uppdrag genom att vara rigid byr\u00e5krat. Jag vet att man ibland anst\u00e4llt personer med egen erfarenhet av arbetsl\u00f6shet vilket f\u00f6rhoppningsvis skapar en st\u00f6rre f\u00f6rst\u00e5else fr\u00e5n handl\u00e4ggare f\u00f6r den situation m\u00e5nga arbetsl\u00f6sa befinner sig i. Utveckling av arbetsmarknadens f\u00f6ruts\u00e4ttningar kr\u00e4ver flexibilitet och inte mer rigiditet och byr\u00e5krati.<\/p>\n<p>Handl\u00e4ggare befinner sig ofta i en situation de inte kan hantera. Regering och ledning \u00e5l\u00e4gger dem att l\u00f6sa problem p\u00e5 arbetsmarknaden som till och med regeringen har sv\u00e5rt att l\u00f6sa. M\u00e5nga handl\u00e4ggare k\u00e4nner sig i den situationen maktl\u00f6sa och riskerar att bli rigida byr\u00e5krater d\u00e5 de ger upp inf\u00f6r en \u00f6verm\u00e4ktig situation. Att h\u00e4vda att de struntar i reglerna sp\u00e4der p\u00e5 denna utveckling och det \u00e4r synd att public service hakar p\u00e5 detta.<\/p>\n","protected":false},"excerpt":{"rendered":"<p>Svt nyheter rapporterade h\u00e4rom dagen att Arbetsf\u00f6rmedlingen inte f\u00f6ljer reglerna Det \u00e4r alltid lika intressant att se hur media f\u00e5r tag i en s\u00e5 kallad nyhet och g\u00f6r en s\u00e4ljande story med en rubrik som utg\u00e5r fr\u00e5n att n\u00e5gon g\u00f6r fel. Det \u00e4r synd att man inte analyserar och f\u00f6rdjupar[&#8230;]<\/p>\n","protected":false},"author":2,"featured_media":0,"comment_status":"open","ping_status":"open","sticky":false,"template":"","format":"standard","meta":{"footnotes":""},"categories":[9],"tags":[27,31,51],"class_list":["post-555","post","type-post","status-publish","format-standard","hentry","category-opinion","tag-arbetsformedlingen","tag-arbetslinjen","tag-byrakrati"],"_links":{"self":[{"href":"https:\/\/www.visionbalans.se\/index.php?rest_route=\/wp\/v2\/posts\/555","targetHints":{"allow":["GET"]}}],"collection":[{"href":"https:\/\/www.visionbalans.se\/index.php?rest_route=\/wp\/v2\/posts"}],"about":[{"href":"https:\/\/www.visionbalans.se\/index.php?rest_route=\/wp\/v2\/types\/post"}],"author":[{"embeddable":true,"href":"https:\/\/www.visionbalans.se\/index.php?rest_route=\/wp\/v2\/users\/2"}],"replies":[{"embeddable":true,"href":"https:\/\/www.visionbalans.se\/index.php?rest_route=%2Fwp%2Fv2%2Fcomments&post=555"}],"version-history":[{"count":0,"href":"https:\/\/www.visionbalans.se\/index.php?rest_route=\/wp\/v2\/posts\/555\/revisions"}],"wp:attachment":[{"href":"https:\/\/www.visionbalans.se\/index.php?rest_route=%2Fwp%2Fv2%2Fmedia&parent=555"}],"wp:term":[{"taxonomy":"category","embeddable":true,"href":"https:\/\/www.visionbalans.se\/index.php?rest_route=%2Fwp%2Fv2%2Fcategories&post=555"},{"taxonomy":"post_tag","embeddable":true,"href":"https:\/\/www.visionbalans.se\/index.php?rest_route=%2Fwp%2Fv2%2Ftags&post=555"}],"curies":[{"name":"wp","href":"https:\/\/api.w.org\/{rel}","templated":true}]}}