{"id":629,"date":"2013-03-31T15:55:14","date_gmt":"2013-03-31T13:55:14","guid":{"rendered":"http:\/\/www.henriklund.salosverige.se\/?p=629"},"modified":"2013-03-31T15:55:14","modified_gmt":"2013-03-31T13:55:14","slug":"fordelning-oberoende-av-produktionsapparaten","status":"publish","type":"post","link":"https:\/\/www.visionbalans.se\/?p=629","title":{"rendered":"F\u00f6rdelning oberoende av produktionsapparaten"},"content":{"rendered":"<header><a title=\"F\u00f6rdelning oberoende av produktionsapparaten\" href=\"http:\/\/arbetaren.se\/artiklar\/fordelning-oberoende-av-produktionsapparaten\/\" target=\"_blank\" rel=\"noopener noreferrer\"><em>Debattartikel publicerad i Arbetaren<\/em><\/a><\/p>\n<\/header>\n<p><strong><em>De politiska blocken har det gemensamt att de tillber ett ekonomiskt system d\u00e4r individens legitimitet f\u00e5s genom l\u00f6nearbete eller \u00e4gande. Det \u00e4r dags f\u00f6r en demokratiserad ekonomi som \u00e4r oberoende av produktionsapparaten f\u00f6r f\u00f6rdelningen av pengar, skriver Henrik Lund i Sveriges Anst\u00e4llningsl\u00f6sas Landsorganisation,\u00a0SALO.<\/em><\/strong><\/p>\n<p>Vill vi ha en h\u00e5llbar utveckling?<\/p>\n<p>Fr\u00e5gan \u00e4r h\u00f6gst relevant d\u00e5 klimatpanelen IPCC nyligen konstaterat att \u00e5tg\u00e4rderna f\u00f6r att minska den m\u00e4nskliga p\u00e5verkan p\u00e5 klimatet inte verkar infinna sig. D\u00f6rren f\u00f6r klimatm\u00e5len h\u00e5ller p\u00e5 att st\u00e4ngas, konstaterar den schweiziske professorn i klimatfysik Thomas Stocker.<\/p>\n<p>Okunniga inser inte behovet. M\u00e5nga sticker huvudet i sanden och v\u00e4grar se problemen. Vissa litar p\u00e5 att \u201dtekniken ska l\u00f6sa problemen\u201d. F\u00f6r att ha r\u00e5d med \u00e5tg\u00e4rderna m\u00e5ste tillv\u00e4xten \u00f6ka, menar andra.<\/p>\n<p><b>Auktoriteter och<\/b> ansvariga inom v\u00e4nster- och h\u00f6gerblocken f\u00f6rlitar sig till dessa strategier. Blocken har det gemensamt att de tillber ett ekonomiskt system d\u00e4r individens legitimitet f\u00e5s genom l\u00f6nearbete eller \u00e4gande. I detta system g\u00f6rs milj\u00f6ns livsbetingelser till marknadsfaktorer och politiken blir traditionalisternas tummelplats f\u00f6r att se till att det finansiella systemet inte kollapsar p\u00e5 grund av den frihet banker med flera f\u00e5tt att hantera folks pengar.<\/p>\n<p>Skuldekonomin skapar hela tiden f\u00f6rlorare d\u00e5 mer pengar f\u00f6ruts\u00e4tts komma ur den \u00e4n vad som finns i ekonomin, d\u00e4rav offentliga sparkrav och n\u00e4ringslivets rationaliseringar vilket leder till \u00f6kad arbetsl\u00f6shet, \u00f6kad skulds\u00e4ttning och inflation. Individens frihet blir ensamhet mot systemet.<\/p>\n<p>Vi k\u00e4nner problemen och det finns l\u00f6sningar men dessa diskuteras inte d\u00e5 de som borde g\u00f6ra det tror att l\u00f6sningen \u00e4r att anv\u00e4nda samma ekonomisystem som skapat problemen.<\/p>\n<p>Skuldekonomin \u00e4r k\u00e4nslokall. Psykoterapeuten Rollo May ans\u00e5g redan p\u00e5 1960-talet att vi levde i en schizoid v\u00e4rld d\u00e4r utnyttjandet av sin medm\u00e4nniska och milj\u00f6n fj\u00e4rmade m\u00e4nniskorna fr\u00e5n varandra, och \u00e4nnu v\u00e4rre, fr\u00e5n sig sj\u00e4lva. Det ger m\u00e4nniskor som s\u00f6ker lyckan i pengar och materiella v\u00e4rden och som distanserar sig fr\u00e5n sina sj\u00e4lsliga behov p\u00e5 grund av r\u00e4dsla f\u00f6r n\u00e4rhet. Ett typiskt manligt fenomen i ett samh\u00e4lle med strukturer skapade av m\u00e4n. Kvinnorna som ger sig in i konkurrensen tvingas bli lika k\u00e4nslokalla som m\u00e4nnen f\u00f6r att accepteras.<\/p>\n<p><b>V\u00e4nsterns ekonomiska<\/b> tes har f\u00e5tt stark konkurrens av h\u00f6gerns antites vilket borde leda till en ny tes utifr\u00e5n kunskapen om problemen med dessa. S\u00e5 sker inte utan alla sl\u00e5ss i\u2009st\u00e4llet om att vara b\u00e4st i klassen att driva skuldekonomin till bristningsgr\u00e4nsen vilket vi sett i m\u00e5nga l\u00e4nder p\u00e5 sistone.<\/p>\n<p>Vill vi ha h\u00e5llbar utveckling m\u00e5ste vi v\u00e5ga definiera varandra som m\u00e4nniskor och skapa samh\u00e4llsstrukturer utifr\u00e5n m\u00e4nniskors behov av trygghet i st\u00e4llet f\u00f6r vinstintresse f\u00f6r ett f\u00e5tal.<\/p>\n<p>I \u00f6ver hundra \u00e5r har vi sett v\u00e4nster- och h\u00f6gerekonomier skapa mer och mer ekonomisk och politisk stordrift utan att ge individer och kollektiv den frihet man sagt sig vilja ge. Det \u00e4r dags f\u00f6r en demokratiserad ekonomi som \u00e4r oberoende av produktionsapparaten f\u00f6r f\u00f6rdelningen av pengar, b\u00e5de f\u00f6r att f\u00e5 en j\u00e4mnare f\u00f6rdelning mellan m\u00e4nniskorna och f\u00f6r att minska \u00f6verkonsumtionens inverkan p\u00e5 moder jord och \u00f6ka balansen mellan arbete, livskvalitet och milj\u00f6.<\/p>\n","protected":false},"excerpt":{"rendered":"<p>Debattartikel publicerad i Arbetaren De politiska blocken har det gemensamt att de tillber ett ekonomiskt system d\u00e4r individens legitimitet f\u00e5s genom l\u00f6nearbete eller \u00e4gande. Det \u00e4r dags f\u00f6r en demokratiserad ekonomi som \u00e4r oberoende av produktionsapparaten f\u00f6r f\u00f6rdelningen av pengar, skriver Henrik Lund i Sveriges Anst\u00e4llningsl\u00f6sas Landsorganisation,\u00a0SALO. Vill vi ha[&#8230;]<\/p>\n","protected":false},"author":2,"featured_media":0,"comment_status":"open","ping_status":"open","sticky":false,"template":"","format":"standard","meta":{"footnotes":""},"categories":[9],"tags":[67,114,175],"class_list":["post-629","post","type-post","status-publish","format-standard","hentry","category-opinion","tag-ekonomi","tag-ipcc","tag-politik"],"_links":{"self":[{"href":"https:\/\/www.visionbalans.se\/index.php?rest_route=\/wp\/v2\/posts\/629","targetHints":{"allow":["GET"]}}],"collection":[{"href":"https:\/\/www.visionbalans.se\/index.php?rest_route=\/wp\/v2\/posts"}],"about":[{"href":"https:\/\/www.visionbalans.se\/index.php?rest_route=\/wp\/v2\/types\/post"}],"author":[{"embeddable":true,"href":"https:\/\/www.visionbalans.se\/index.php?rest_route=\/wp\/v2\/users\/2"}],"replies":[{"embeddable":true,"href":"https:\/\/www.visionbalans.se\/index.php?rest_route=%2Fwp%2Fv2%2Fcomments&post=629"}],"version-history":[{"count":0,"href":"https:\/\/www.visionbalans.se\/index.php?rest_route=\/wp\/v2\/posts\/629\/revisions"}],"wp:attachment":[{"href":"https:\/\/www.visionbalans.se\/index.php?rest_route=%2Fwp%2Fv2%2Fmedia&parent=629"}],"wp:term":[{"taxonomy":"category","embeddable":true,"href":"https:\/\/www.visionbalans.se\/index.php?rest_route=%2Fwp%2Fv2%2Fcategories&post=629"},{"taxonomy":"post_tag","embeddable":true,"href":"https:\/\/www.visionbalans.se\/index.php?rest_route=%2Fwp%2Fv2%2Ftags&post=629"}],"curies":[{"name":"wp","href":"https:\/\/api.w.org\/{rel}","templated":true}]}}