{"id":642,"date":"2013-04-24T14:30:09","date_gmt":"2013-04-24T12:30:09","guid":{"rendered":"http:\/\/www.henriklund.salosverige.se\/?p=642"},"modified":"2013-04-24T14:30:09","modified_gmt":"2013-04-24T12:30:09","slug":"arbetslinjen-ger-dalig-hallbarhet","status":"publish","type":"post","link":"https:\/\/www.visionbalans.se\/?p=642","title":{"rendered":"Arbetslinjen ger d\u00e5lig h\u00e5llbarhet"},"content":{"rendered":"<address>Publicerad i Sydsvenska dagbladet 2013-04-16 samt <a title=\"Arbetslinjen motverkar en h\u00e5llbar utveckling\" href=\"http:\/\/arbetaren.se\/artiklar\/arbetslinjen-motverkar-en-hallbar-utveckling\/\" target=\"_blank\" rel=\"noopener noreferrer\">Arbetaren <\/a>nr 20, 16-22 maj.<\/address>\n<p><a href=\"http:\/\/www.henriklund.salosverige.se\/wp-content\/uploads\/2013\/04\/Green-office-space.jpg\"><img loading=\"lazy\" decoding=\"async\" class=\"size-medium wp-image-643 alignright\" alt=\"Green-office-space\" src=\"http:\/\/www.henriklund.salosverige.se\/wp-content\/uploads\/2013\/04\/Green-office-space-300x237.jpg\" width=\"392\" height=\"309\" \/><\/a>Arbetslinjen anses vara garanten f\u00f6r m\u00e4nniskors v\u00e4lf\u00e4rd och trygghet. Ist\u00e4llet har den utvecklats till vad Patriot act \u00e4r f\u00f6r USA. F\u00f6r att s\u00e4kerst\u00e4lla skuldekonomins fortlevnad ska den som har det s\u00e4mst st\u00e4llt vara solidarisk med dem som har det b\u00e4st st\u00e4llt. \u00c4r du inte med oss s\u00e5 \u00e4r du emot oss! Den som kritiserar arbetslinjen \u00e4r emot \u201doss\u201d, vem nu oss \u00e4r. Den amerikanske lagstiftaren, historikern och talmannen Robert C. Winthrop sa redan 1864; \u201dP\u00e5st\u00e5dd patriotism kan anv\u00e4ndas som t\u00e4ckmantel f\u00f6r en m\u00e4ngd synder\u201d d\u00e5 finansministern avg\u00e5tt efter anklagelser att spekulanter intrigerat f\u00f6r att f\u00f6rl\u00e4nga inb\u00f6rdeskriget f\u00f6r ekonomisk vinning.<\/p>\n<p>I arbetslinjens Sverige har klyftorna blivit st\u00f6rre, inte bara mellan dem som har l\u00f6nearbete och dem som \u00e4ger mest utan mellan anst\u00e4llda och anst\u00e4llningsl\u00f6sa. Sedan 1980-talet har kapital\u00e4garnas inkomster i relation till l\u00f6nerna \u00f6kat dramatiskt. Trots detta har den som \u00e4r heltidsanst\u00e4lld relativt bra ekonomi. Arbetsmarknaden har splittrats och fler har os\u00e4kra anst\u00e4llningar \u00e4n tidigare. Dessutom har m\u00e5nga tr\u00e4ngts ut fr\u00e5n arbetsmarknaden p\u00e5 grund av besparingar i offentlig sektor och rationaliseringar i privat sektor p\u00e5 grund av \u00f6verskotts-, och vinstkrav. En ny rapport fr\u00e5n f\u00f6rs\u00e4kringskassan konstaterar dessutom att fler anst\u00e4llda lider av oh\u00e4lsa \u00e4n tidigare p\u00e5 grund av arbetsmarknadens villkor.<\/p>\n<p>Arbetslinjen blir Anst\u00e4llningslinjen. \u00c4r du inte anst\u00e4lld eller \u00e4ger kapital \u00e4r du inte legitim. Tillv\u00e4xtekonomin genererar arbetsl\u00f6shet. Ser man orsaken som lata m\u00e4nniskors ovilja, s\u00e4tter man press p\u00e5 dessa genom tuffare villkor fr\u00e5n myndigheter, senast genom riksdagsbeslut den 13 mars om f\u00f6r\u00e4ndringar i a-kassan. Med 10-20 personer p\u00e5 varje ledigt jobb vet alla 420\u00a0217 arbetsl\u00f6sa patrioter innerst inne att otrygghet \u00e4r motsatsen till v\u00e4lf\u00e4rd.<\/p>\n<p>Anst\u00e4llningslinjen blir Byr\u00e5kratilinjen. Med myndigheternas hj\u00e4lp ska m\u00e4nniskor tvingas in i produktionen som g\u00f6r allt f\u00f6r att rationalisera bort folk. Om produktionen och anst\u00e4llningar skulle \u00f6ka i samma takt som kapitalet och befolknings\u00f6kningen, minskar milj\u00f6resurserna i en extrem takt. Arbetslinjens m\u00e5l blir d\u00e4rf\u00f6r oh\u00e5llbart, socialt, ekonomiskt och ekologiskt.<\/p>\n<p>Vi beh\u00f6ver en \u201dLivslinje\u201d som ger balans mellan arbete, livskvalitet och milj\u00f6, d\u00e4r folkets behov av trygghet g\u00e5r f\u00f6re finanssektorns r\u00e4tt att tj\u00e4na pengar. En linje d\u00e4r f\u00f6rdelningen av pengarna inte \u00e4r beroende av tillg\u00e5ngen p\u00e5 l\u00f6nearbete. D\u00e5 uppn\u00e5r vi individens och kollektivets frihet i solidaritet med milj\u00f6n.<\/p>\n<p>Henrik Lund, riksordf\u00f6rande, SALO<\/p>\n<p>Adrian Engstr\u00f6m, ordf\u00f6rande SALO Malm\u00f6<\/p>\n<p>Lasse Ekstrand, f\u00f6rfattare och fil dr<\/p>\n<p>G\u00f6ran Dahl, professor emeritus i sociologi<\/p>\n","protected":false},"excerpt":{"rendered":"<p>Publicerad i Sydsvenska dagbladet 2013-04-16 samt Arbetaren nr 20, 16-22 maj. Arbetslinjen anses vara garanten f\u00f6r m\u00e4nniskors v\u00e4lf\u00e4rd och trygghet. Ist\u00e4llet har den utvecklats till vad Patriot act \u00e4r f\u00f6r USA. F\u00f6r att s\u00e4kerst\u00e4lla skuldekonomins fortlevnad ska den som har det s\u00e4mst st\u00e4llt vara solidarisk med dem som har det[&#8230;]<\/p>\n","protected":false},"author":2,"featured_media":0,"comment_status":"open","ping_status":"open","sticky":false,"template":"","format":"standard","meta":{"footnotes":""},"categories":[9],"tags":[31,103,241],"class_list":["post-642","post","type-post","status-publish","format-standard","hentry","category-opinion","tag-arbetslinjen","tag-hallbarhet","tag-tillvaxtekonomi"],"_links":{"self":[{"href":"https:\/\/www.visionbalans.se\/index.php?rest_route=\/wp\/v2\/posts\/642","targetHints":{"allow":["GET"]}}],"collection":[{"href":"https:\/\/www.visionbalans.se\/index.php?rest_route=\/wp\/v2\/posts"}],"about":[{"href":"https:\/\/www.visionbalans.se\/index.php?rest_route=\/wp\/v2\/types\/post"}],"author":[{"embeddable":true,"href":"https:\/\/www.visionbalans.se\/index.php?rest_route=\/wp\/v2\/users\/2"}],"replies":[{"embeddable":true,"href":"https:\/\/www.visionbalans.se\/index.php?rest_route=%2Fwp%2Fv2%2Fcomments&post=642"}],"version-history":[{"count":0,"href":"https:\/\/www.visionbalans.se\/index.php?rest_route=\/wp\/v2\/posts\/642\/revisions"}],"wp:attachment":[{"href":"https:\/\/www.visionbalans.se\/index.php?rest_route=%2Fwp%2Fv2%2Fmedia&parent=642"}],"wp:term":[{"taxonomy":"category","embeddable":true,"href":"https:\/\/www.visionbalans.se\/index.php?rest_route=%2Fwp%2Fv2%2Fcategories&post=642"},{"taxonomy":"post_tag","embeddable":true,"href":"https:\/\/www.visionbalans.se\/index.php?rest_route=%2Fwp%2Fv2%2Ftags&post=642"}],"curies":[{"name":"wp","href":"https:\/\/api.w.org\/{rel}","templated":true}]}}