{"id":689,"date":"2013-07-15T23:20:37","date_gmt":"2013-07-15T21:20:37","guid":{"rendered":"http:\/\/www.henriklund.salosverige.se\/?p=689"},"modified":"2013-07-15T23:20:37","modified_gmt":"2013-07-15T21:20:37","slug":"ateruppratta-synen-pa-manniskan","status":"publish","type":"post","link":"https:\/\/www.visionbalans.se\/?p=689","title":{"rendered":"\u00c5teruppr\u00e4tta synen p\u00e5 m\u00e4nniskan"},"content":{"rendered":"<p><a title=\"\u00c5teruppr\u00e4tta synen p\u00e5 m\u00e4nniskan\" href=\"http:\/\/www.nt.se\/debatt\/default.aspx?articleid=8664830\" target=\"_blank\" rel=\"noopener noreferrer\">Publicerad i Norrk\u00f6pings Tidningar, debatt 13-07-12<\/a><\/p>\n<p>Anna K.B. L\u00f6vheim, f\u00f6r\u00e4ldraledig politisk handl\u00e4ggare (M), anser i NT 29 juni att vi m\u00e5ste \u00e5teruppr\u00e4tta synen p\u00e5 f\u00f6retagande. Hon skr\u00e4ms av siffror i Svenskt N\u00e4ringslivs f\u00f6retagsbarometer. Hon marknadsf\u00f6r en bild av att alla m\u00e4nniskor verkar vara f\u00f6retagare eller presumtiva s\u00e5dana.<\/p>\n<p>Jag betonar att jag \u00e4r partipolitiskt obunden s\u00e5 mitt resonemang inte tolkas som f\u00f6rsvar av varken v\u00e4nster eller h\u00f6gerpolitik. Det \u00e4r n\u00e4mligen s\u00e5 att b\u00e5da blocken tillber ett ekonomiskt system som definierar m\u00e4nniskan som en arbetande varelse oavsett som l\u00f6nearbetare eller f\u00f6retagare. Samma system d\u00f6mer ut de m\u00e4nniskor som av de h\u00e5rda krav som arbetslivet st\u00e4ller, inte l\u00e4ngre kan eller f\u00e5r utrymme att l\u00f6nearbeta. Dessa m\u00e4nniskor f\u00f6r\u00f6dmjukas inf\u00f6r sin omgivning d\u00e5 omgivningen inte ser dessa som hela m\u00e4nniskor.<\/p>\n<p>Den enkla l\u00f6sningen fr\u00e5n h\u00f6ger och v\u00e4nster \u00e4r att vi m\u00e5ste pressa dessa m\u00e4nniskor \u00e4nnu mer f\u00f6r att passa in i ett sammanhang som inte vill ha dem. En l\u00f6sning som \u00f6kar den allm\u00e4nna stressen \u00e4nnu mer. En l\u00f6sning som inneb\u00e4r ytterligare \u00f6kning av stressen p\u00e5 milj\u00f6n med stora konsekvenser f\u00f6r v\u00e5ra barn och barnbarns livsvillkor. Stress minskar n\u00e4mligen f\u00f6ruts\u00e4ttningarna att ta ansvar f\u00f6r sig sj\u00e4lv, andra och milj\u00f6n i tillr\u00e4cklig utstr\u00e4ckning.<\/p>\n<p>L\u00f6vheim missar att det m\u00e5ste finnas balans mellan arbete, livskvalitet och milj\u00f6. H\u00f6ger-v\u00e4nstersystemet tror att om man bara skapar l\u00f6nearbete s\u00e5 f\u00e5r vi livskvalitet och b\u00e4ttre milj\u00f6. Problemet \u00e4r att livskvaliteten och milj\u00f6n skadas av den hysteriska id\u00e9n att l\u00f6nearbete eller f\u00f6retagande \u00e4r l\u00f6sningen p\u00e5 alla problem. Den som inte v\u00e5gar t\u00e4nka utanf\u00f6r boxen ser naturligtvis detta resonemang som samh\u00e4llsfientligt.<\/p>\n<p>Men st\u00e4ll d\u00e5 fr\u00e5gan om det egentligen inte \u00e4r dagens system som \u00e4r m\u00e4nniskofientligt och milj\u00f6fientligt? M\u00e4nniskor k\u00e4nner sig ofria och m\u00e5r inte bra utan knaprar mer och mer psykofarmaka. M\u00e5nga barn i skolan \u00e4r stressade \u00f6ver att de hela tiden m\u00e5ste prestera s\u00e5 att de inte hinner vara barn. Vi hinner inte hj\u00e4lpa v\u00e5ra gamla. I samma takt som BNP \u00f6kar, \u00f6kar \u00e4ven oljekonsumtionen och annan konsumtion och d\u00e4rmed milj\u00f6problemen.<\/p>\n<p>Varf\u00f6r inte ta det b\u00e4sta fr\u00e5n v\u00e4nster, n\u00e4mligen att vi beh\u00f6ver en gemensam samh\u00f6righet samt det b\u00e4sta fr\u00e5n h\u00f6ger, n\u00e4mligen individens frihet? Se m\u00e4nniskor som meningsskapande varelser i st\u00e4llet f\u00f6r egoister och samh\u00e4llet som en manifestation av meningsfullhet. Se ekonomin som ett system som enbart ska f\u00f6rdela pengar till n\u00f6dv\u00e4ndig konsumtion och inte ett system f\u00f6r att berika sig p\u00e5 andras bekostnad.<\/p>\n<p>Ska vi n\u00e5 balans mellan arbete, livskvalitet och milj\u00f6 m\u00e5ste vi skapa en ekonomi p\u00e5 milj\u00f6ns villkor och inte p\u00e5 riskkapitalismens villkor. Vi anv\u00e4nder i dag resurser motsvarande 1,6 jordklot vilket inneb\u00e4r att vi varje \u00e5r tar av \u201dkapitalet\u201d. Det skulle ingen f\u00f6retagare acceptera i sitt f\u00f6retag.<\/p>\n<p>Anna K.B. L\u00f6vheim, jag lyck\u00f6nskar dig till ditt f\u00f6r\u00e4ldraskap, men sluta t\u00e4nka som en politisk handl\u00e4ggare och b\u00f6rja t\u00e4nka som en mor. Indianerna t\u00e4nker sju generationer fram. Du kan \u00f6va genom att t\u00e4nka p\u00e5 dina kommande barnbarn.<\/p>\n<p>&nbsp;<\/p>\n","protected":false},"excerpt":{"rendered":"<p>Publicerad i Norrk\u00f6pings Tidningar, debatt 13-07-12 Anna K.B. L\u00f6vheim, f\u00f6r\u00e4ldraledig politisk handl\u00e4ggare (M), anser i NT 29 juni att vi m\u00e5ste \u00e5teruppr\u00e4tta synen p\u00e5 f\u00f6retagande. Hon skr\u00e4ms av siffror i Svenskt N\u00e4ringslivs f\u00f6retagsbarometer. Hon marknadsf\u00f6r en bild av att alla m\u00e4nniskor verkar vara f\u00f6retagare eller presumtiva s\u00e5dana. Jag betonar att[&#8230;]<\/p>\n","protected":false},"author":2,"featured_media":0,"comment_status":"open","ping_status":"open","sticky":false,"template":"","format":"standard","meta":{"footnotes":""},"categories":[14,9],"tags":[25,67,138,154,175,233],"class_list":["post-689","post","type-post","status-publish","format-standard","hentry","category-debatt","category-opinion","tag-arbete","tag-ekonomi","tag-livskvalitet","tag-miljo","tag-politik","tag-svenskt-naringslivs-foretagsbarometer"],"_links":{"self":[{"href":"https:\/\/www.visionbalans.se\/index.php?rest_route=\/wp\/v2\/posts\/689","targetHints":{"allow":["GET"]}}],"collection":[{"href":"https:\/\/www.visionbalans.se\/index.php?rest_route=\/wp\/v2\/posts"}],"about":[{"href":"https:\/\/www.visionbalans.se\/index.php?rest_route=\/wp\/v2\/types\/post"}],"author":[{"embeddable":true,"href":"https:\/\/www.visionbalans.se\/index.php?rest_route=\/wp\/v2\/users\/2"}],"replies":[{"embeddable":true,"href":"https:\/\/www.visionbalans.se\/index.php?rest_route=%2Fwp%2Fv2%2Fcomments&post=689"}],"version-history":[{"count":0,"href":"https:\/\/www.visionbalans.se\/index.php?rest_route=\/wp\/v2\/posts\/689\/revisions"}],"wp:attachment":[{"href":"https:\/\/www.visionbalans.se\/index.php?rest_route=%2Fwp%2Fv2%2Fmedia&parent=689"}],"wp:term":[{"taxonomy":"category","embeddable":true,"href":"https:\/\/www.visionbalans.se\/index.php?rest_route=%2Fwp%2Fv2%2Fcategories&post=689"},{"taxonomy":"post_tag","embeddable":true,"href":"https:\/\/www.visionbalans.se\/index.php?rest_route=%2Fwp%2Fv2%2Ftags&post=689"}],"curies":[{"name":"wp","href":"https:\/\/api.w.org\/{rel}","templated":true}]}}